{"id":117361,"date":"2025-10-19T14:14:08","date_gmt":"2025-10-19T14:14:08","guid":{"rendered":"https:\/\/www.europesays.com\/pt\/117361\/"},"modified":"2025-10-19T14:14:08","modified_gmt":"2025-10-19T14:14:08","slug":"iara-irma-de-claudio-ramos-desaparecida-gnr-investiga-observador","status":"publish","type":"post","link":"https:\/\/www.europesays.com\/pt\/117361\/","title":{"rendered":"Iara, irm\u00e3 de Cla\u00fadio Ramos, desaparecida. GNR investiga \u2013 Observador"},"content":{"rendered":"<p>Iara Ramos Nascimento, irm\u00e3 de Cl\u00e1udio Ramos, est\u00e1 desaparecida desde domingo, 12 de outubro. \u201cA fam\u00edlia agradece que qualquer informa\u00e7\u00e3o que possam ter a comuniquem, por favor, \u00e0s autoridades competentes\u201d, escreveu o apresentador da TVI nas redes sociais.<\/p>\n<p>Fonte da GNR de Portalegre confirmou ao Observador que foi alertada na sexta-feira pela fam\u00edlia para o desaparecimento da mulher de 47 anos. Sem terem uma refer\u00eancia de um local para iniciar as buscas, uma vez que a den\u00fancia foi realizada alguns dias depois de Iara ter sido vista pela \u00faltima vez, os militares procederam \u00e0 localiza\u00e7\u00e3o do telem\u00f3vel da mulher.<\/p>\n<p>No entanto, o telem\u00f3vel estava desligado \u201ch\u00e1 v\u00e1rios dias\u201d, pelo que a localiza\u00e7\u00e3o do \u00faltimo sinal de antena (perto da casa de Iara, em Vila Boim, Elvas) n\u00e3o ajudou ao trabalho das autoridades.<\/p>\n<p>Ap\u00f3s conversa com o companheiro com alguns vizinhos e familiares, os militares n\u00e3o tiveram qualquer informa\u00e7\u00e3o que levasse a crer que Iara pudesse tentar o suic\u00eddio, mas fizeram dilig\u00eancias em v\u00e1rias barragens da zona para descartar essa hip\u00f3tese. Nessas buscas, nunca foi encontrado o Volkswagen Beetle azul escuro que a mulher conduzia.<\/p>\n<p>A GNR tenta tamb\u00e9m perceber se o carro tinha Via Verde para perceber se, recentemente, foi ativado ao passar por alguma portagem.<\/p>\n<p>        <img src=\"https:\/\/www.europesays.com\/pt\/wp-content\/uploads\/2025\/10\/captura-de-ecra-2025-10-19-as-124811.jpg\" alt=\"\" loading=\"lazy\" decoding=\"async\" class=\"\" onload=\"this.parentElement.classList.remove('spinner')\" onerror=\"this.parentElement.classList.remove('spinner')\" width=\"842\" height=\"1410\"\/>    <\/p>\n<p class=\"wp-caption-text\">Imagem partilhada por Cl\u00e1udio Ramos nas redes sociais<\/p>\n","protected":false},"excerpt":{"rendered":"Iara Ramos Nascimento, irm\u00e3 de Cl\u00e1udio Ramos, est\u00e1 desaparecida desde domingo, 12 de outubro. \u201cA fam\u00edlia agradece que&hellip;\n","protected":false},"author":2,"featured_media":117362,"comment_status":"","ping_status":"","sticky":false,"template":"","format":"standard","meta":{"footnotes":""},"categories":[85],"tags":[7390,114,115,2002,2003,32,33,2004,58],"class_list":{"0":"post-117361","1":"post","2":"type-post","3":"status-publish","4":"format-standard","5":"has-post-thumbnail","7":"category-entretenimento","8":"tag-desaparecimentos","9":"tag-entertainment","10":"tag-entretenimento","11":"tag-gnr","12":"tag-polu00edcia","13":"tag-portugal","14":"tag-pt","15":"tag-seguranu00e7a","16":"tag-sociedade"},"share_on_mastodon":{"url":"","error":""},"_links":{"self":[{"href":"https:\/\/www.europesays.com\/pt\/wp-json\/wp\/v2\/posts\/117361","targetHints":{"allow":["GET"]}}],"collection":[{"href":"https:\/\/www.europesays.com\/pt\/wp-json\/wp\/v2\/posts"}],"about":[{"href":"https:\/\/www.europesays.com\/pt\/wp-json\/wp\/v2\/types\/post"}],"author":[{"embeddable":true,"href":"https:\/\/www.europesays.com\/pt\/wp-json\/wp\/v2\/users\/2"}],"replies":[{"embeddable":true,"href":"https:\/\/www.europesays.com\/pt\/wp-json\/wp\/v2\/comments?post=117361"}],"version-history":[{"count":0,"href":"https:\/\/www.europesays.com\/pt\/wp-json\/wp\/v2\/posts\/117361\/revisions"}],"wp:featuredmedia":[{"embeddable":true,"href":"https:\/\/www.europesays.com\/pt\/wp-json\/wp\/v2\/media\/117362"}],"wp:attachment":[{"href":"https:\/\/www.europesays.com\/pt\/wp-json\/wp\/v2\/media?parent=117361"}],"wp:term":[{"taxonomy":"category","embeddable":true,"href":"https:\/\/www.europesays.com\/pt\/wp-json\/wp\/v2\/categories?post=117361"},{"taxonomy":"post_tag","embeddable":true,"href":"https:\/\/www.europesays.com\/pt\/wp-json\/wp\/v2\/tags?post=117361"}],"curies":[{"name":"wp","href":"https:\/\/api.w.org\/{rel}","templated":true}]}}