{"id":117365,"date":"2025-10-19T14:17:16","date_gmt":"2025-10-19T14:17:16","guid":{"rendered":"https:\/\/www.europesays.com\/pt\/117365\/"},"modified":"2025-10-19T14:17:16","modified_gmt":"2025-10-19T14:17:16","slug":"jogador-foi-morto-depois-da-mae-nao-conseguir-pagar-resgate-de-mil-euros","status":"publish","type":"post","link":"https:\/\/www.europesays.com\/pt\/117365\/","title":{"rendered":"Jogador foi morto depois da m\u00e3e n\u00e3o conseguir pagar resgate de mil euros"},"content":{"rendered":"<p>O guarda-redes Cheikh Tour\u00e9, uma promessa do Esprit Foot Yeumbeul, morreu em circunst\u00e2ncias ainda por apurar, mas, aparentemente o jovem de 18 anos ter\u00e1 sido atra\u00eddo por um grupo de pessoas com a promessa de testes para ingressar num clube profissional.<\/p>\n<p>Tour\u00e9 ter\u00e1 sido raptado pelos falsos agentes que pediram um resgaste que a fam\u00edlia n\u00e3o conseguiu pagar e acabaram por matar o atleta senegal\u00eas.<\/p>\n<blockquote class=\"twitter-tweet\" data-media-max-width=\"560\">\n<p lang=\"fr\" dir=\"ltr\">Triste nouvelle pour le football s\u00e9n\u00e9galais\u2026 \ud83d\udc94<\/p>\n<p>Le jeune gardien Cheikh Tour\u00e9, espoir form\u00e9 \u00e0 Esprit Foot Yeumbeul, nous a quitt\u00e9s dans des circonstances dramatiques. \ud83d\udd4a\ufe0f\ud83c\uddf8\ud83c\uddf3<\/p>\n<p>Le jeune joueur aurait \u00e9t\u00e9 pi\u00e9g\u00e9 par un groupe d\u2019individus mal intentionn\u00e9s lui faisant miroiter des\u2026 <a href=\"https:\/\/t.co\/5x313gxWd3\" rel=\"nofollow\">pic.twitter.com\/5x313gxWd3<\/a><\/p>\n<p>\u2014 Foot Mercato (@footmercato) <a href=\"https:\/\/twitter.com\/footmercato\/status\/1979862839108968473?ref_src=twsrc%5Etfw\" rel=\"nofollow noopener\" target=\"_blank\">October 19, 2025<\/a><\/p><\/blockquote>\n<p>O Minist\u00e9rio da Integra\u00e7\u00e3o Africana, Rela\u00e7\u00f5es Exteriores e Senegaleses no Exterior acaba de se pronunciar sobre o caso, explicando que as primeiras investiga\u00e7\u00f5es \u00abindicam que o Sr. Tour\u00e9, um jovem jogador de futebol senegal\u00eas, pode ter sido v\u00edtima de uma rede de fraude e extors\u00e3o\u00bb.<\/p>\n<p>Informa\u00e7\u00f5es recentes dizem que Tour\u00e9 estaria acompanhado por outros jogadores, mas n\u00e3o h\u00e1 informa\u00e7\u00e3o sobre o paradeiro dos mesmos e que as fam\u00edlias est\u00e3o muito preocupadas com o sil\u00eancio dos filhos.<\/p>\n<p>A m\u00e3e do jovem jogador contou em l\u00e1grimas o pesadelo que viveu na \u00faltima semana. <\/p>\n<blockquote class=\"twitter-tweet\" data-media-max-width=\"560\">\n<p lang=\"fr\" dir=\"ltr\">La maman de Cheikh Tour\u00e9, le jeune kidnapp\u00e9 et tu\u00e9, revient sur le voyage de son fils.<\/p>\n<p>J\u2019ai pas pu m\u2019emp\u00eacher de verser des larmes quand j\u2019imagine l\u2019atrocit\u00e9 qu\u2019il a d\u00fb subi avant de mourir\ud83d\ude2d <a href=\"https:\/\/t.co\/GZCwyFHZVo\" rel=\"nofollow\">pic.twitter.com\/GZCwyFHZVo<\/a><\/p>\n<p>\u2014 \ud835\udc00\ud835\udc1b\ud835\udc2b\ud835\udc28 \ud835\udc0c\ud835\udc1b\ud835\udc28\ud835\udc1d\ud835\udc23 \u2b50\ufe0f\ud83c\uddf8\ud83c\uddf3 (@abro_abraham_) <a href=\"https:\/\/twitter.com\/abro_abraham_\/status\/1979544157908500654?ref_src=twsrc%5Etfw\" rel=\"nofollow noopener\" target=\"_blank\">October 18, 2025<\/a><\/p><\/blockquote>\n<p>\u00abTentei perceber se era seguro porque \u00e9 o meu \u00fanico filho. Falei com a m\u00e3e do Bamba e ela disse que sim, que ele estava bem. Dei-lhe dinheiro para cortar o cabelo, comprar roupa nova&#8230;um fato. Rezei muito por ele e pedi-lhe para ter cuidado, porque o meu filho \u00e9 a coisa mais importante do mundo para mim\u00bb, contou destro\u00e7ada.<\/p>\n<p>O filho enviou-lhe um audio a dizer que tinha chegado e s\u00f3 quatro dias depois voltou a ter not\u00edcias. Na ter\u00e7a-feira, novamente com uma mensagem de voz disse \u00e0 m\u00e3e que as pessoas que o tinham levado lhe estavam a pedir 850.000 fracos africanos, cerca de 1300 euros, para n\u00e3o o mandar j\u00e1 para casa, dizendo-lhe que tinha acontecido o mesmo com outros jogadores, para ela n\u00e3o se preocupar. <\/p>\n<p>Nesse mesmo dia, por volta da meia-noite, a m\u00e3e recebeu uma chamada de uma pessoa do Gana a dizer-lhe que o filho tinha tido um acidente. Foi quando ela percebeu tudo o que se estava a passar. Cheikh e a m\u00e3e tinham pago 380 euros pela viagem que afinal n\u00e3o foi para Marrocos, mas sim para o Gana. a m\u00e3e do gurda-redes de 18 anos ainda conseguiu juntar 760 euros que pediu emprestados ,mas recebeu novo pedido de mais 228 euros.<\/p>\n<p>Sem conseguir responder a tantos pedidos, acabou por receber um v\u00eddeo de Cheikh Tour\u00e9, morto depois de ter sido visivelmente torturado.<\/p>\n<p>Neste momento, o corpo do guarda-redes est\u00e1 em Acra, na capital do Gana, enquanto o governo senegal\u00eas promete repatriar os restos mortais de Cheikh Tour\u00e9.<\/p>\n<p><a target=\"_blank\" class=\"editor-link\" href=\"https:\/\/profile.google.com\/cp\/CgkvbS8wNWNjOHQ?pf=0\" rel=\"nofollow noopener\">Siga o perfil de A BOLA no Google<\/a><\/p>\n<p>                                                                                                                <script async src=\"https:\/\/platform.twitter.com\/widgets.js\" charset=\"utf-8\"><\/script><\/p>\n","protected":false},"excerpt":{"rendered":"O guarda-redes Cheikh Tour\u00e9, uma promessa do Esprit Foot Yeumbeul, morreu em circunst\u00e2ncias ainda por apurar, mas, aparentemente&hellip;\n","protected":false},"author":2,"featured_media":117366,"comment_status":"","ping_status":"","sticky":false,"template":"","format":"standard","meta":{"footnotes":""},"categories":[50],"tags":[27,28,15,16,14,25,26,21,22,62,12,13,19,20,23,24,17,18,29,30,31,63,64,65],"class_list":{"0":"post-117365","1":"post","2":"type-post","3":"status-publish","4":"format-standard","5":"has-post-thumbnail","7":"category-mundo","8":"tag-breaking-news","9":"tag-breakingnews","10":"tag-featured-news","11":"tag-featurednews","12":"tag-headlines","13":"tag-latest-news","14":"tag-latestnews","15":"tag-main-news","16":"tag-mainnews","17":"tag-mundo","18":"tag-news","19":"tag-noticias","20":"tag-noticias-principais","21":"tag-noticiasprincipais","22":"tag-principais-noticias","23":"tag-principaisnoticias","24":"tag-top-stories","25":"tag-topstories","26":"tag-ultimas","27":"tag-ultimas-noticias","28":"tag-ultimasnoticias","29":"tag-world","30":"tag-world-news","31":"tag-worldnews"},"share_on_mastodon":{"url":"","error":""},"_links":{"self":[{"href":"https:\/\/www.europesays.com\/pt\/wp-json\/wp\/v2\/posts\/117365","targetHints":{"allow":["GET"]}}],"collection":[{"href":"https:\/\/www.europesays.com\/pt\/wp-json\/wp\/v2\/posts"}],"about":[{"href":"https:\/\/www.europesays.com\/pt\/wp-json\/wp\/v2\/types\/post"}],"author":[{"embeddable":true,"href":"https:\/\/www.europesays.com\/pt\/wp-json\/wp\/v2\/users\/2"}],"replies":[{"embeddable":true,"href":"https:\/\/www.europesays.com\/pt\/wp-json\/wp\/v2\/comments?post=117365"}],"version-history":[{"count":0,"href":"https:\/\/www.europesays.com\/pt\/wp-json\/wp\/v2\/posts\/117365\/revisions"}],"wp:featuredmedia":[{"embeddable":true,"href":"https:\/\/www.europesays.com\/pt\/wp-json\/wp\/v2\/media\/117366"}],"wp:attachment":[{"href":"https:\/\/www.europesays.com\/pt\/wp-json\/wp\/v2\/media?parent=117365"}],"wp:term":[{"taxonomy":"category","embeddable":true,"href":"https:\/\/www.europesays.com\/pt\/wp-json\/wp\/v2\/categories?post=117365"},{"taxonomy":"post_tag","embeddable":true,"href":"https:\/\/www.europesays.com\/pt\/wp-json\/wp\/v2\/tags?post=117365"}],"curies":[{"name":"wp","href":"https:\/\/api.w.org\/{rel}","templated":true}]}}