{"id":117390,"date":"2025-10-19T14:33:12","date_gmt":"2025-10-19T14:33:12","guid":{"rendered":"https:\/\/www.europesays.com\/pt\/117390\/"},"modified":"2025-10-19T14:33:12","modified_gmt":"2025-10-19T14:33:12","slug":"liga-2-fc-porto-b-bate-maritimo-e-deixa-ultimo-lugar-para-o-benfica-b","status":"publish","type":"post","link":"https:\/\/www.europesays.com\/pt\/117390\/","title":{"rendered":"Liga 2: FC Porto B bate Mar\u00edtimo e deixa \u00faltimo lugar para o Benfica B"},"content":{"rendered":"<p>Em situa\u00e7\u00f5es bem diferentes, <a target=\"_blank\" class=\"editor-link autolink-enabled\" href=\"https:\/\/www.abola.pt\/futebol\/fc-porto-b-2942\" data-resource-id=\"2942\" data-resource-type=\"team\" data-sport=\"football\" rel=\"nofollow noopener\">FC Porto B<\/a> e <a target=\"_blank\" class=\"editor-link autolink-enabled\" href=\"https:\/\/www.abola.pt\/futebol\/maritimo-454\" data-resource-id=\"454\" data-resource-type=\"team\" data-sport=\"football\" rel=\"nofollow noopener\">Mar\u00edtimo<\/a> enfrentaram-se ao final da manh\u00e3 de domingo, em jogo antecipado da 8.\u00aa jornada da <a target=\"_blank\" class=\"editor-link autolink-enabled\" href=\"https:\/\/www.abola.pt\/futebol\/competicao\/liga-portugal-2-meu-super-111\" data-resource-id=\"111\" data-resource-type=\"competition\" data-sport=\"football\" rel=\"nofollow noopener\">Liga Portugal 2<\/a>. Os drag\u00f5es ocupavam o \u00faltimo da tabela, com dois pontos, enquanto os maritimistas estavam no \u00faltimo lugar do p\u00f3dio e j\u00e1 n\u00e3o perdiam na prova desde a primeira jornada. \u00a0<\/p>\n<p>Com Francesco Farioli, t\u00e9cnico da equipa principal, nas bancadas, os portistas chegavam a este jogo com tr\u00eas \u00abrefor\u00e7os\u00bb da equipa A: <a target=\"_blank\" class=\"editor-link autolink-enabled\" href=\"https:\/\/www.abola.pt\/futebol\/jogador\/joao-costa-42737\" data-resource-id=\"42737\" data-resource-type=\"player\" data-sport=\"football\" rel=\"nofollow noopener\">Jo\u00e3o Costa<\/a>, que fez os primeiros minutos da temporada, tal como <a target=\"_blank\" class=\"editor-link autolink-enabled\" href=\"https:\/\/www.abola.pt\/futebol\/jogador\/yann-karamoh-5773\" data-resource-id=\"5773\" data-resource-type=\"player\" data-sport=\"football\" rel=\"nofollow noopener\">Yann Karamoh<\/a>, e, ainda, <a target=\"_blank\" class=\"editor-link autolink-enabled\" href=\"https:\/\/www.abola.pt\/futebol\/jogador\/martim-fernandes-265903\" data-resource-id=\"265903\" data-resource-type=\"player\" data-sport=\"football\" rel=\"nofollow noopener\">Martim Fernandes<\/a>.\u00a0<\/p>\n<p>O \u00fanico golo do jogo surgiu ao minuto 14. <a class=\"autolink-enabled\" data-resource-id=\"306817\" data-resource-type=\"player\" data-sport=\"football\" href=\"https:\/\/www.abola.pt\/futebol\/jogador\/joao-teixeira-306817\" rel=\"nofollow noopener\" target=\"_blank\">Jo\u00e3o Teixeira<\/a> lan\u00e7ou <a class=\"autolink-enabled\" data-resource-id=\"265406\" data-resource-type=\"player\" data-sport=\"football\" href=\"https:\/\/www.abola.pt\/futebol\/jogador\/angel-alarcon-265406\" rel=\"nofollow noopener\" target=\"_blank\">\u00c1ngel Alarc\u00f3n<\/a>, que deixou um passe perigoso para a \u00e1rea insular, que foi desviado por <a class=\"autolink-enabled\" data-resource-id=\"8114820\" data-resource-type=\"player\" data-sport=\"football\" href=\"https:\/\/www.abola.pt\/futebol\/jogador\/rodrigo-borges-8114820\" rel=\"nofollow noopener\" target=\"_blank\">Rodrigo Borges<\/a> para a pr\u00f3pria baliza. \u00a0<\/p>\n<p>Sete minutos depois os portistas amea\u00e7aram dobrar a vantagem, por <a target=\"_blank\" class=\"editor-link autolink-enabled\" href=\"https:\/\/www.abola.pt\/futebol\/jogador\/yann-karamoh-5773\" data-resource-id=\"5773\" data-resource-type=\"player\" data-sport=\"football\" rel=\"nofollow noopener\">Karamoh<\/a>, mas o lance foi anulado por fora de jogo de <a target=\"_blank\" class=\"editor-link autolink-enabled\" href=\"https:\/\/www.abola.pt\/futebol\/jogador\/trofim-melnichenko-299510\" data-resource-id=\"299510\" data-resource-type=\"player\" data-sport=\"football\" rel=\"nofollow noopener\">Trofim Melnichenko<\/a>.\u00a0<\/p>\n<p>A primeira parte terminava com o <a target=\"_blank\" class=\"editor-link autolink-enabled\" href=\"https:\/\/www.abola.pt\/futebol\/fc-porto-b-2942\" data-resource-id=\"2942\" data-resource-type=\"team\" data-sport=\"football\" rel=\"nofollow noopener\">FC Porto B<\/a> feliz com o resultado e tranquilo com a exibi\u00e7\u00e3o. O <a target=\"_blank\" class=\"editor-link autolink-enabled\" href=\"https:\/\/www.abola.pt\/futebol\/maritimo-454\" data-resource-id=\"454\" data-resource-type=\"team\" data-sport=\"football\" rel=\"nofollow noopener\">Mar\u00edtimo<\/a> entrou mais pressionante na segunda parte, mas sem grande perigo. At\u00e9 foram os drag\u00f5es a ter a melhor oportunidade no reatar do jogo, com <a target=\"_blank\" class=\"editor-link autolink-enabled\" href=\"https:\/\/www.abola.pt\/futebol\/jogador\/trofim-melnichenko-299510\" data-resource-id=\"299510\" data-resource-type=\"player\" data-sport=\"football\" rel=\"nofollow noopener\">Melnichenko<\/a> a isolar-se perante Samuel Silva, permitindo a defesa ao guardi\u00e3o insular.\u00a0<\/p>\n<p><a class=\"autolink-enabled\" data-resource-id=\"42737\" data-resource-type=\"player\" data-sport=\"football\" href=\"https:\/\/www.abola.pt\/futebol\/jogador\/joao-costa-42737\" rel=\"nofollow noopener\" target=\"_blank\">Jo\u00e3o Costa<\/a> foi mostrando servi\u00e7o ao longo do segundo tempo, tal como o setor defensivo portista. A coes\u00e3o dos drag\u00f5es acabou por prevalecer e ficou garantida a primeira vit\u00f3ria da \u00e9poca.\u00a0\u00a0<\/p>\n<p>No primeiro jogo da jornada 8, os portistas chegaram aos cinco pontos, os mesmos que o <a target=\"_blank\" class=\"editor-link autolink-enabled\" href=\"https:\/\/www.abola.pt\/futebol\/pacos-de-ferreira-458\" data-resource-id=\"458\" data-resource-type=\"team\" data-sport=\"football\" rel=\"nofollow noopener\">Pa\u00e7os de Ferreira<\/a> e mais um que o Benfica B, o novo lanterna vermelha, embora com um jogo a menos. O <a target=\"_blank\" class=\"editor-link autolink-enabled\" href=\"https:\/\/www.abola.pt\/futebol\/maritimo-454\" data-resource-id=\"454\" data-resource-type=\"team\" data-sport=\"football\" rel=\"nofollow noopener\">Mar\u00edtimo<\/a> perdeu a oportunidade de passar para a lideran\u00e7a da prova e continua no 3.\u00ba lugar do campeonato, com 14 pontos, os mesmos que o <a target=\"_blank\" class=\"editor-link autolink-enabled\" href=\"https:\/\/www.abola.pt\/futebol\/vizela-3010\" data-resource-id=\"3010\" data-resource-type=\"team\" data-sport=\"football\" rel=\"nofollow noopener\">Vizela<\/a> e menos um que o <a target=\"_blank\" class=\"editor-link autolink-enabled\" href=\"https:\/\/www.abola.pt\/futebol\/sporting-b-2939\" data-resource-id=\"2939\" data-resource-type=\"team\" data-sport=\"football\" rel=\"nofollow noopener\">Sporting B<\/a>.\u00a0\u00a0<\/p>\n","protected":false},"excerpt":{"rendered":"Em situa\u00e7\u00f5es bem diferentes, FC Porto B e Mar\u00edtimo enfrentaram-se ao final da manh\u00e3 de domingo, em jogo&hellip;\n","protected":false},"author":2,"featured_media":117391,"comment_status":"","ping_status":"","sticky":false,"template":"","format":"standard","meta":{"footnotes":""},"categories":[8],"tags":[27,28,15,16,14,25,26,21,22,12,13,19,20,32,23,24,33,17,18,29,30,31],"class_list":{"0":"post-117390","1":"post","2":"type-post","3":"status-publish","4":"format-standard","5":"has-post-thumbnail","7":"category-principais-noticias","8":"tag-breaking-news","9":"tag-breakingnews","10":"tag-featured-news","11":"tag-featurednews","12":"tag-headlines","13":"tag-latest-news","14":"tag-latestnews","15":"tag-main-news","16":"tag-mainnews","17":"tag-news","18":"tag-noticias","19":"tag-noticias-principais","20":"tag-noticiasprincipais","21":"tag-portugal","22":"tag-principais-noticias","23":"tag-principaisnoticias","24":"tag-pt","25":"tag-top-stories","26":"tag-topstories","27":"tag-ultimas","28":"tag-ultimas-noticias","29":"tag-ultimasnoticias"},"share_on_mastodon":{"url":"","error":""},"_links":{"self":[{"href":"https:\/\/www.europesays.com\/pt\/wp-json\/wp\/v2\/posts\/117390","targetHints":{"allow":["GET"]}}],"collection":[{"href":"https:\/\/www.europesays.com\/pt\/wp-json\/wp\/v2\/posts"}],"about":[{"href":"https:\/\/www.europesays.com\/pt\/wp-json\/wp\/v2\/types\/post"}],"author":[{"embeddable":true,"href":"https:\/\/www.europesays.com\/pt\/wp-json\/wp\/v2\/users\/2"}],"replies":[{"embeddable":true,"href":"https:\/\/www.europesays.com\/pt\/wp-json\/wp\/v2\/comments?post=117390"}],"version-history":[{"count":0,"href":"https:\/\/www.europesays.com\/pt\/wp-json\/wp\/v2\/posts\/117390\/revisions"}],"wp:featuredmedia":[{"embeddable":true,"href":"https:\/\/www.europesays.com\/pt\/wp-json\/wp\/v2\/media\/117391"}],"wp:attachment":[{"href":"https:\/\/www.europesays.com\/pt\/wp-json\/wp\/v2\/media?parent=117390"}],"wp:term":[{"taxonomy":"category","embeddable":true,"href":"https:\/\/www.europesays.com\/pt\/wp-json\/wp\/v2\/categories?post=117390"},{"taxonomy":"post_tag","embeddable":true,"href":"https:\/\/www.europesays.com\/pt\/wp-json\/wp\/v2\/tags?post=117390"}],"curies":[{"name":"wp","href":"https:\/\/api.w.org\/{rel}","templated":true}]}}