{"id":117392,"date":"2025-10-19T14:34:14","date_gmt":"2025-10-19T14:34:14","guid":{"rendered":"https:\/\/www.europesays.com\/pt\/117392\/"},"modified":"2025-10-19T14:34:14","modified_gmt":"2025-10-19T14:34:14","slug":"michelle-sobre-festa-da-filha-nao-celebramos-como-pretendiamos","status":"publish","type":"post","link":"https:\/\/www.europesays.com\/pt\/117392\/","title":{"rendered":"Michelle sobre festa da filha: &#8220;N\u00e3o celebramos como pretend\u00edamos&#8221;"},"content":{"rendered":"<p dir=\"ltr\">A ex-primeira-dama Michelle Bolsonaro afirmou, em uma publica\u00e7\u00e3o nas redes sociais, que n\u00e3o est\u00e1 comemorando o anivers\u00e1rio de 15 anos da filha, Laura Bolsonaro, como desejava. Ela publicou um texto em homenagem \u00e0 jovem.<\/p>\n<p dir=\"ltr\">&#8220;Infelizmente, n\u00e3o poderemos celebrar como pretend\u00edamos, por conta de uma injusti\u00e7a que hoje mant\u00e9m seu pai em pris\u00e3o domiciliar&#8221;, afirmou a ex-primeira-dama em um trecho da postagem no Instagram.\u00a0<\/p>\n<p dir=\"ltr\">Michelle ainda reclama da filha ser exposta publicamente com a situa\u00e7\u00e3o do pai, o ex-presidente Jair Bolsonaro (PL), que cumpre pris\u00e3o domiciliar.\u00a0<\/p>\n<p dir=\"ltr\">&#8220;Que dor no meu cora\u00e7\u00e3o ver voc\u00ea ser t\u00e3o exposta, passando por situa\u00e7\u00f5es que nenhuma filha deveria viver\u2026 ter a alegria tirada do seu rosto. Hoje, oro para que voc\u00ea, filha, tenha entendimento de que a nossa verdadeira alegria vem do nosso amado Senhor!&#8221;, completou.\u00a0<\/p>\n<p>Autoriza\u00e7\u00e3o<\/p>\n<p class=\"texto\">Nessa sexta-feira (17\/10), o ministro Alexandre de Moraes, do Supremo Tribunal Federal (STF), autorizou a realiza\u00e7\u00e3o do almo\u00e7o para <a href=\"https:\/\/www.em.com.br\/politica\/2025\/10\/7273278-moraes-autoriza-festa-de-15-anos-da-filha-de-bolsonaro-em-casa.html\" target=\"_blank\" rel=\"nofollow noopener\"><strong>comemorar os 15 anos da filha ca\u00e7ula do ex-presidente<\/strong><\/a>.\u00a0\u00a0<\/p>\n<p dir=\"ltr\">De acordo com a decis\u00e3o, poder\u00e3o entrar na casa apenas as nove pessoas indicadas pela defesa de Bolsonaro. Dentre elas, est\u00e3o seis integrantes do grupo de ora\u00e7\u00e3o liderado por Michelle Bolsonaro, al\u00e9m da senadora Damares Alves (Republicanos-DF), a madrinha da aniversariante e o maquiador Agustin Fernandez.\u00a0<\/p>\n<p dir=\"ltr\" style=\"text-align: center;\"><a href=\"https:\/\/whatsapp.com\/channel\/0029Va8e466AO7RPLL06EL2h\" target=\"_blank\" rel=\"nofollow noopener\"><strong>Siga nosso canal no WhatsApp e receba not\u00edcias relevantes para o seu dia<\/strong><\/a><\/p>\n<p dir=\"ltr\">Bolsonaro cumpre pris\u00e3o domiciliar desde agosto, por determina\u00e7\u00e3o do ministro Alexandre de Moraes, ap\u00f3s descumprir medidas cautelares impostas no \u00e2mbito das investiga\u00e7\u00f5es sobre a tentativa de golpe de Estado. O ex-presidente foi condenado pelo Supremo Tribunal Federal a 27 anos e tr\u00eas meses de pris\u00e3o por liderar a articula\u00e7\u00e3o antidemocr\u00e1tica que resultou nos ataques de 8 de janeiro de 2023.<\/p>\n","protected":false},"excerpt":{"rendered":"A ex-primeira-dama Michelle Bolsonaro afirmou, em uma publica\u00e7\u00e3o nas redes sociais, que n\u00e3o est\u00e1 comemorando o anivers\u00e1rio de&hellip;\n","protected":false},"author":2,"featured_media":117393,"comment_status":"","ping_status":"","sticky":false,"template":"","format":"standard","meta":{"footnotes":""},"categories":[145],"tags":[4178,211,210,114,115,1125,27479,32,33],"class_list":{"0":"post-117392","1":"post","2":"type-post","3":"status-publish","4":"format-standard","5":"has-post-thumbnail","7":"category-celebridades","8":"tag-alexandre-de-moraes","9":"tag-celebridades","10":"tag-celebrities","11":"tag-entertainment","12":"tag-entretenimento","13":"tag-jair-bolsonaro","14":"tag-michelle-bolsonaro","15":"tag-portugal","16":"tag-pt"},"share_on_mastodon":{"url":"","error":""},"_links":{"self":[{"href":"https:\/\/www.europesays.com\/pt\/wp-json\/wp\/v2\/posts\/117392","targetHints":{"allow":["GET"]}}],"collection":[{"href":"https:\/\/www.europesays.com\/pt\/wp-json\/wp\/v2\/posts"}],"about":[{"href":"https:\/\/www.europesays.com\/pt\/wp-json\/wp\/v2\/types\/post"}],"author":[{"embeddable":true,"href":"https:\/\/www.europesays.com\/pt\/wp-json\/wp\/v2\/users\/2"}],"replies":[{"embeddable":true,"href":"https:\/\/www.europesays.com\/pt\/wp-json\/wp\/v2\/comments?post=117392"}],"version-history":[{"count":0,"href":"https:\/\/www.europesays.com\/pt\/wp-json\/wp\/v2\/posts\/117392\/revisions"}],"wp:featuredmedia":[{"embeddable":true,"href":"https:\/\/www.europesays.com\/pt\/wp-json\/wp\/v2\/media\/117393"}],"wp:attachment":[{"href":"https:\/\/www.europesays.com\/pt\/wp-json\/wp\/v2\/media?parent=117392"}],"wp:term":[{"taxonomy":"category","embeddable":true,"href":"https:\/\/www.europesays.com\/pt\/wp-json\/wp\/v2\/categories?post=117392"},{"taxonomy":"post_tag","embeddable":true,"href":"https:\/\/www.europesays.com\/pt\/wp-json\/wp\/v2\/tags?post=117392"}],"curies":[{"name":"wp","href":"https:\/\/api.w.org\/{rel}","templated":true}]}}