{"id":117408,"date":"2025-10-19T14:55:14","date_gmt":"2025-10-19T14:55:14","guid":{"rendered":"https:\/\/www.europesays.com\/pt\/117408\/"},"modified":"2025-10-19T14:55:14","modified_gmt":"2025-10-19T14:55:14","slug":"paquistao-e-afeganistao-prometem-respeitar-cessar-fogo-apos-semana-de-combates","status":"publish","type":"post","link":"https:\/\/www.europesays.com\/pt\/117408\/","title":{"rendered":"Paquist\u00e3o e Afeganist\u00e3o prometem respeitar cessar-fogo ap\u00f3s semana de combates"},"content":{"rendered":"<p>&#13;<br \/>\nO principal porta-voz do Governo talib\u00e3, Zabihullah Mujahid, deu uma resposta positiva ao resultado das negocia\u00e7\u00f5es que tiveram lugar na capital do Qatar, Doha, no s\u00e1bado, e disse que foi assinado um acordo bilateral.&#13;\n<\/p>\n<p>&#13;<br \/>\n&#8220;Foi decidido que nenhum dos pa\u00edses empreender\u00e1 a\u00e7\u00f5es hostis contra o outro, nem apoiar\u00e1 grupos que realizem ataques contra o Paquist\u00e3o. Ambos os lados se abster\u00e3o de atacar as for\u00e7as de seguran\u00e7a, civis ou infraestruturas cr\u00edticas um do outro&#8221;, referiu Mujahid.&#13;\n<\/p>\n<p>&#13;<br \/>\nA zona fronteiri\u00e7a tem sido cen\u00e1rio de inseguran\u00e7a h\u00e1 anos, especialmente devido aos ataques do movimento Tehrik-i-Taliban Paquist\u00e3o (TTP), conhecido como talib\u00e3s paquistaneses, no meio de acusa\u00e7\u00f5es de Islamabade de que a \u00cdndia e os talib\u00e3s afeg\u00e3os apoiam a organiza\u00e7\u00e3o, algo rejeitado por Nova Deli e Cabul.&#13;\n<\/p>\n<p>&#13;<br \/>\nZabihullah Mujahid disse que ser\u00e1 estabelecido no futuro um mecanismo, &#8220;sob a media\u00e7\u00e3o de pa\u00edses intermedi\u00e1rios&#8221;, para rever as reivindica\u00e7\u00f5es bilaterais e garantir a implementa\u00e7\u00e3o eficaz do acordo.&#13;\n<\/p>\n<p>&#13;<br \/>\nO ministro da Defesa do Paquist\u00e3o, Khawaja Asif, publicou a confirma\u00e7\u00e3o do acordo na rede social X.&#13;\n<\/p>\n<p>&#13;<br \/>\n&#8220;O terrorismo transfronteiri\u00e7o a partir do territ\u00f3rio afeg\u00e3o cessar\u00e1 imediatamente&#8221;, escreveu Asif.&#13;\n<\/p>\n<p>&#13;<br \/>\n&#8220;Ambos os pa\u00edses respeitar\u00e3o a soberania e a integridade territorial um do outro. Est\u00e1 agendada uma reuni\u00e3o de acompanhamento entre as delega\u00e7\u00f5es para Istambul, a 25 de outubro, para discutir os assuntos em detalhe&#8221;, acrescentou o ministro.&#13;\n<\/p>\n<p>&#13;<br \/>\nMujahid e Asif agradeceram ao Qatar e \u00e0 Turquia por apoiarem as negocia\u00e7\u00f5es que levaram ao cessar-fogo.&#13;\n<\/p>\n<p>&#13;<br \/>\nHoras antes, o Minist\u00e9rio dos Neg\u00f3cios Estrangeiros do Qatar tinha anunciado que o Paquist\u00e3o e o Afeganist\u00e3o &#8220;chegaram a um acordo sobre um cessar-fogo imediato e a implementa\u00e7\u00e3o de mecanismos para consolidar uma paz duradoura e a estabilidade&#8221;.&#13;\n<\/p>\n<p>&#13;<br \/>\nNum comunicado publicado na rede social X, o minist\u00e9rio saudou &#8220;um passo importante que ir\u00e1 contribuir para p\u00f4r fim \u00e0s tens\u00f5es na fronteira&#8221; entre os dois pa\u00edses.&#13;\n<\/p>\n<p>&#13;<br \/>\nOs talib\u00e3s afeg\u00e3os confirmaram s\u00e1bado que participariam no Qatar em conversa\u00e7\u00f5es com o Paquist\u00e3o, apesar dos confrontos de sexta-feira ao longo da fronteira entre os dois pa\u00edses, que quase fizeram descarrilar uma fr\u00e1gil tr\u00e9gua declarada esta semana.&#13;\n<\/p>\n<p>&#13;<br \/>\nOs combates dos \u00faltimos dias eclodiram ap\u00f3s uma ofensiva talib\u00e3 junto \u00e0 fronteira, realizada ap\u00f3s denunciar v\u00e1rios bombardeamentos paquistaneses contra o pa\u00eds, incluindo um em Cabul que teria como alvo o l\u00edder do TTP. &#13;\n<\/p>\n<p>&#13;<br \/>\nNa sexta-feira, fontes de seguran\u00e7a de Islamabade admitiram que o Paquist\u00e3o tinha efetuado &#8220;ataques a\u00e9reos de precis\u00e3o&#8221; contra um grupo descrito como terrorista, apesar de os dois pa\u00edses terem anteriormente concordado uma tr\u00e9gua para facilitar as conversa\u00e7\u00f5es no Qatar.&#13;<\/p>\n","protected":false},"excerpt":{"rendered":"&#13; O principal porta-voz do Governo talib\u00e3, Zabihullah Mujahid, deu uma resposta positiva ao resultado das negocia\u00e7\u00f5es que&hellip;\n","protected":false},"author":2,"featured_media":117409,"comment_status":"","ping_status":"","sticky":false,"template":"","format":"standard","meta":{"footnotes":""},"categories":[50],"tags":[27,28,27481,15,16,14,26614,25,26,21,22,27482,62,12,13,19,20,23,24,27480,17,18,29,30,31,63,64,65],"class_list":{"0":"post-117408","1":"post","2":"type-post","3":"status-publish","4":"format-standard","5":"has-post-thumbnail","7":"category-mundo","8":"tag-breaking-news","9":"tag-breakingnews","10":"tag-deli","11":"tag-featured-news","12":"tag-featurednews","13":"tag-headlines","14":"tag-istambul","15":"tag-latest-news","16":"tag-latestnews","17":"tag-main-news","18":"tag-mainnews","19":"tag-mujahid","20":"tag-mundo","21":"tag-news","22":"tag-noticias","23":"tag-noticias-principais","24":"tag-noticiasprincipais","25":"tag-principais-noticias","26":"tag-principaisnoticias","27":"tag-tehrik-taliban","28":"tag-top-stories","29":"tag-topstories","30":"tag-ultimas","31":"tag-ultimas-noticias","32":"tag-ultimasnoticias","33":"tag-world","34":"tag-world-news","35":"tag-worldnews"},"share_on_mastodon":{"url":"","error":""},"_links":{"self":[{"href":"https:\/\/www.europesays.com\/pt\/wp-json\/wp\/v2\/posts\/117408","targetHints":{"allow":["GET"]}}],"collection":[{"href":"https:\/\/www.europesays.com\/pt\/wp-json\/wp\/v2\/posts"}],"about":[{"href":"https:\/\/www.europesays.com\/pt\/wp-json\/wp\/v2\/types\/post"}],"author":[{"embeddable":true,"href":"https:\/\/www.europesays.com\/pt\/wp-json\/wp\/v2\/users\/2"}],"replies":[{"embeddable":true,"href":"https:\/\/www.europesays.com\/pt\/wp-json\/wp\/v2\/comments?post=117408"}],"version-history":[{"count":0,"href":"https:\/\/www.europesays.com\/pt\/wp-json\/wp\/v2\/posts\/117408\/revisions"}],"wp:featuredmedia":[{"embeddable":true,"href":"https:\/\/www.europesays.com\/pt\/wp-json\/wp\/v2\/media\/117409"}],"wp:attachment":[{"href":"https:\/\/www.europesays.com\/pt\/wp-json\/wp\/v2\/media?parent=117408"}],"wp:term":[{"taxonomy":"category","embeddable":true,"href":"https:\/\/www.europesays.com\/pt\/wp-json\/wp\/v2\/categories?post=117408"},{"taxonomy":"post_tag","embeddable":true,"href":"https:\/\/www.europesays.com\/pt\/wp-json\/wp\/v2\/tags?post=117408"}],"curies":[{"name":"wp","href":"https:\/\/api.w.org\/{rel}","templated":true}]}}