{"id":117410,"date":"2025-10-19T14:56:18","date_gmt":"2025-10-19T14:56:18","guid":{"rendered":"https:\/\/www.europesays.com\/pt\/117410\/"},"modified":"2025-10-19T14:56:18","modified_gmt":"2025-10-19T14:56:18","slug":"em-portugal-ha-cada-vez-mais-dadoras","status":"publish","type":"post","link":"https:\/\/www.europesays.com\/pt\/117410\/","title":{"rendered":"em Portugal, h\u00e1 cada vez mais dadoras"},"content":{"rendered":"<p>Em Portugal, um em cada dez beb\u00e9s nasce prematuro. Os avan\u00e7os tecnol\u00f3gicos aliados ao conhecimento cient\u00edfico t\u00eam permitido a sobreviv\u00eancia de rec\u00e9m-nascidos de idades gestacionais cada vez mais baixas. \u00c9 ainda um desafio garantir uma nutri\u00e7\u00e3o equivalente \u00e0 que recebiam no ambiente intrauterino e, por isso, o leite materno tem um papel primordial nesta adapta\u00e7\u00e3o.<\/p>\n<p>O Banco do Beb\u00e9 re\u00fane volunt\u00e1rias que fazem doa\u00e7\u00f5es de leite materno para os beb\u00e9s que nascem prematuros. A institui\u00e7\u00e3o apoia, desde 2013, o <a href=\"https:\/\/bancodobebe.org\/apoio-ao-banco-de-leite-humano\/\" target=\"_blank\" rel=\"noreferrer noopener nofollow\">Banco de Leite Humano<\/a>, criado pela Maternidade Alfredo da Costa.<\/p>\n<p>As dadoras passam por uma triagem m\u00e9dica e t\u00eam que responder a uma s\u00e9rie de requisitos: n\u00e3o podem fumar, nem tomar medica\u00e7\u00e3o regular e t\u00eam que estar a amamentar em exclusivo o filho, nascido h\u00e1 menos de quatro meses.<\/p>\n<p>Pela Maternidade Alfredo da Costa passam cerca de 600 litros de leite materno por ano, que alimenta, pelo menos, 150 beb\u00e9s. No entanto, h\u00e1 quem venda este leite na internet, de forma ilegal. No OLX, foram surgindo v\u00e1rios an\u00fancios nos \u00faltimos meses. Num dos casos, o o vendedor pedia 15 euros por uma embalagem de 150 mililitros de leite congelado.<\/p>\n<p>Com a press\u00e3o para amamentarem, algumas m\u00e3es acabam por recorrer a estas plataformas quando n\u00e3o conseguem. H\u00e1 tamb\u00e9m fisiculturistas que usam o leite materno. \u00c9 um neg\u00f3cio de milhares de euros, criminoso e pouco seguro, que acarreta riscos de transmiss\u00e3o de doen\u00e7as.<\/p>\n<p>O Banco de Leite Humano da MAC abrange a zona de Lisboa e j\u00e1 conseguiu alargar a capacidade de resposta at\u00e9 Set\u00fabal. No Porto, h\u00e1 outro banco de leite no hospital de S\u00e3o Jo\u00e3o. Ficam, no entanto, a faltar solu\u00e7\u00f5es para o resto do pa\u00eds. A vontade dos profissionais \u00e9 alargar a rede, mas at\u00e9 agora n\u00e3o foi poss\u00edvel.<\/p>\n","protected":false},"excerpt":{"rendered":"Em Portugal, um em cada dez beb\u00e9s nasce prematuro. Os avan\u00e7os tecnol\u00f3gicos aliados ao conhecimento cient\u00edfico t\u00eam permitido&hellip;\n","protected":false},"author":2,"featured_media":117411,"comment_status":"","ping_status":"","sticky":false,"template":"","format":"standard","meta":{"footnotes":""},"categories":[10],"tags":[27,28,15,16,14,25,26,21,22,12,13,19,20,32,23,24,33,17,18,29,30,31],"class_list":{"0":"post-117410","1":"post","2":"type-post","3":"status-publish","4":"format-standard","5":"has-post-thumbnail","7":"category-portugal","8":"tag-breaking-news","9":"tag-breakingnews","10":"tag-featured-news","11":"tag-featurednews","12":"tag-headlines","13":"tag-latest-news","14":"tag-latestnews","15":"tag-main-news","16":"tag-mainnews","17":"tag-news","18":"tag-noticias","19":"tag-noticias-principais","20":"tag-noticiasprincipais","21":"tag-portugal","22":"tag-principais-noticias","23":"tag-principaisnoticias","24":"tag-pt","25":"tag-top-stories","26":"tag-topstories","27":"tag-ultimas","28":"tag-ultimas-noticias","29":"tag-ultimasnoticias"},"share_on_mastodon":{"url":"","error":""},"_links":{"self":[{"href":"https:\/\/www.europesays.com\/pt\/wp-json\/wp\/v2\/posts\/117410","targetHints":{"allow":["GET"]}}],"collection":[{"href":"https:\/\/www.europesays.com\/pt\/wp-json\/wp\/v2\/posts"}],"about":[{"href":"https:\/\/www.europesays.com\/pt\/wp-json\/wp\/v2\/types\/post"}],"author":[{"embeddable":true,"href":"https:\/\/www.europesays.com\/pt\/wp-json\/wp\/v2\/users\/2"}],"replies":[{"embeddable":true,"href":"https:\/\/www.europesays.com\/pt\/wp-json\/wp\/v2\/comments?post=117410"}],"version-history":[{"count":0,"href":"https:\/\/www.europesays.com\/pt\/wp-json\/wp\/v2\/posts\/117410\/revisions"}],"wp:featuredmedia":[{"embeddable":true,"href":"https:\/\/www.europesays.com\/pt\/wp-json\/wp\/v2\/media\/117411"}],"wp:attachment":[{"href":"https:\/\/www.europesays.com\/pt\/wp-json\/wp\/v2\/media?parent=117410"}],"wp:term":[{"taxonomy":"category","embeddable":true,"href":"https:\/\/www.europesays.com\/pt\/wp-json\/wp\/v2\/categories?post=117410"},{"taxonomy":"post_tag","embeddable":true,"href":"https:\/\/www.europesays.com\/pt\/wp-json\/wp\/v2\/tags?post=117410"}],"curies":[{"name":"wp","href":"https:\/\/api.w.org\/{rel}","templated":true}]}}