{"id":117412,"date":"2025-10-19T14:57:18","date_gmt":"2025-10-19T14:57:18","guid":{"rendered":"https:\/\/www.europesays.com\/pt\/117412\/"},"modified":"2025-10-19T14:57:18","modified_gmt":"2025-10-19T14:57:18","slug":"quem-vai-sair-esta-noite","status":"publish","type":"post","link":"https:\/\/www.europesays.com\/pt\/117412\/","title":{"rendered":"&#8216;Quem vai sair esta noite?&#8217;"},"content":{"rendered":"<p>\t\t\t\t\t\t\t\t\t\t\t\t<a href=\"#\" onclick=\"window.open('http:\/\/www.facebook.com\/sharer.php?u=https:\/\/cusquices.com\/quem-vai-sair-esta-noite-fas-do-secret-story-nao-tem-duvidas-e-apontam-quem-querem-ver-fora-da-casa\/&amp;t=\u2018Quem vai sair esta noite?\u2019 \u2013 F\u00e3s do Secret Story n\u00e3o t\u00eam d\u00favidas e apontam quem querem ver fora da casa', 'facebookShare', 'width=626,height=436'); return false;\" title=\"Share on Facebook\"><\/p>\n<p>Share<\/p>\n<p><\/a><br \/>\n\t\t\t\t\t\t\t\t\t\t\t\t<a href=\"#\" onclick=\"window.open('http:\/\/twitter.com\/share?text=\u2018Quem vai sair esta noite?\u2019 \u2013 F\u00e3s do Secret Story n\u00e3o t\u00eam d\u00favidas e apontam quem querem ver fora da casa -&amp;url=https:\/\/cusquices.com\/quem-vai-sair-esta-noite-fas-do-secret-story-nao-tem-duvidas-e-apontam-quem-querem-ver-fora-da-casa\/', 'twitterShare', 'width=626,height=436'); return false;\" title=\"Tweet This Post\"><\/p>\n<p>Tweet<\/p>\n<p><\/a><br \/>\n\t\t\t\t\t\t\t\t\t\t\t\t<a href=\"whatsapp:\/\/send?text=\u2018Quem vai sair esta noite?\u2019 \u2013 F\u00e3s do Secret Story n\u00e3o t\u00eam d\u00favidas e apontam quem querem ver fora da casa https:\/\/cusquices.com\/quem-vai-sair-esta-noite-fas-do-secret-story-nao-tem-duvidas-e-apontam-quem-querem-ver-fora-da-casa\/\" rel=\"nofollow\"><\/p>\n<p>Share<\/p>\n<p><\/a><br \/>\n\t\t\t\t\t\t\t\t\t\t\t\t<a href=\"#\" onclick=\"window.open('http:\/\/pinterest.com\/pin\/create\/button\/?url=https:\/\/cusquices.com\/quem-vai-sair-esta-noite-fas-do-secret-story-nao-tem-duvidas-e-apontam-quem-querem-ver-fora-da-casa\/&amp;media=https:\/\/cusquices.com\/wp-content\/uploads\/2025\/10\/nomeados5-1000x600.jpg&amp;description=\u2018Quem vai sair esta noite?\u2019 \u2013 F\u00e3s do Secret Story n\u00e3o t\u00eam d\u00favidas e apontam quem querem ver fora da casa', 'pinterestShare', 'width=750,height=350'); return false;\" title=\"Pin This Post\"><\/p>\n<p>Share<\/p>\n<p><\/a><br \/>\n\t\t\t\t\t\t\t\t\t\t\t\t<a href=\"mailto:?subject=\u2018Quem vai sair esta noite?\u2019 \u2013 F\u00e3s do Secret Story n\u00e3o t\u00eam d\u00favidas e apontam quem querem ver fora da casa&amp;BODY=I found this article interesting and thought of sharing it with you. Check it out: https:\/\/cusquices.com\/quem-vai-sair-esta-noite-fas-do-secret-story-nao-tem-duvidas-e-apontam-quem-querem-ver-fora-da-casa\/\"><\/p>\n<p>Email<\/p>\n<p><\/a><br \/>\n\t\t\t\t\t\t\t\t\t\t\t\t\t\t\t\t\t\t\t\t\t\t\t\t\t\t\t\t\t\t\t\t\t\t\t\t\t\t\t\t\t\t\t\t\t\t\t\t\t\t\t\t\t<a href=\"https:\/\/cusquices.com\/quem-vai-sair-esta-noite-fas-do-secret-story-nao-tem-duvidas-e-apontam-quem-querem-ver-fora-da-casa\/#respond\" rel=\"nofollow noopener\" target=\"_blank\"><\/p>\n<p>F\u00e3s do Secret Story n\u00e3o t\u00eam d\u00favidas e apontam quem querem ver fora da casa mais vigiada do pa\u00eds.<\/p>\n<p>Esta noite, 19 de outubro,\u00a0<strong>Cristina Ferreira<\/strong>\u00a0conduz mais uma gala do\u00a0<strong>Secret Story 9.\u00a0<\/strong>A noite promete ser de emo\u00e7\u00f5es fortes e a VOZ vai voltar a abrir as suas portas para a expuls\u00e3o de mais um concorrente. Em risco est\u00e3o:\u00a0<strong>Ana Cristina, Bruna, Dylan, Joana e Marisa Susana.<\/strong><\/p>\n<p>A TVI j\u00e1 questionou nas redes sociais\u00a0<strong>\u201cQuem vai sair?\u201d<\/strong>\u00a0e as rea\u00e7\u00f5es n\u00e3o tardaram. Os f\u00e3s do reality show\u00a0est\u00e3o divididos e apelam pela expuls\u00e3o de dois concorrentes \u2013 <strong>Bruna e Dylan<\/strong> \u2013 s\u00e3o os nomes mais mencionados pelos f\u00e3s do reality show.<\/p>\n<p><strong>\u201cNunca pensei dizer isto porque era das minhas concorrentes preferidas mas estragou tudo, podes sair Bruna\u201d, \u201cDylan ou Bruna!\u201d, \u201cBruna foi a minha favorita no in\u00edcio, agora s\u00f3 a quero ver porta fora\u201d, \u201cAdorava que sa\u00edsse o Dylan\u201d, \u201cDupla expuls\u00e3o,Bruna e Dylan. Abram o al\u00e7ap\u00e3o\u201d, \u201cDylan e bruna j\u00e1 podem ir de vela\u201d, \u201cBruna ou Dylan, tanto faz\u201d, \u201cDylan, o rapaz precisa descer \u00e0 terra\u201d<\/strong>, s\u00e3o apenas algumas das rea\u00e7\u00f5es.<\/p>\n<blockquote class=\"instagram-media\" data-instgrm-captioned=\"\" data-instgrm-permalink=\"https:\/\/www.instagram.com\/p\/DP9NtccjN6H\/?utm_source=ig_embed&amp;utm_campaign=loading\" data-instgrm-version=\"14\" style=\" background:#FFF; border:0; border-radius:3px; box-shadow:0 0 1px 0 rgba(0,0,0,0.5),0 1px 10px 0 rgba(0,0,0,0.15); margin: 1px; max-width:540px; min-width:326px; padding:0; width:99.375%; width:-webkit-calc(100% - 2px); width:calc(100% - 2px);\"\/>\n<p><strong>Leia tamb\u00e9m:<\/strong><\/p>\n<p>\t\t\t\t\t\t\t\t\t\t\t\t\t\t\t\t\t\t\t\t\t\t\t\t\t<img decoding=\"async\" src=\"https:\/\/www.europesays.com\/pt\/wp-content\/uploads\/2025\/10\/cusquices-logo-52x.png\" class=\"webpexpress-processed\"\/><\/p>\n<p>\t\t\t\t\t\t\t\t\t\t\t\t\t\t\t\t\t\t\t\t\t            \t\t\t\t\t\t\t\t\t\t\t\t\t\t\t\t\t\t\t\t\t\t\t\t\t\t\t\t\t\t\t\t\t\t\t\t\t\t\t<script async src=\"https:\/\/platform.twitter.com\/widgets.js\" charset=\"utf-8\"><\/script><script async src=\"\/\/www.instagram.com\/embed.js\"><\/script><\/p>\n","protected":false},"excerpt":{"rendered":"Share Tweet Share Share Email F\u00e3s do Secret Story n\u00e3o t\u00eam d\u00favidas e apontam quem querem ver fora&hellip;\n","protected":false},"author":2,"featured_media":113843,"comment_status":"","ping_status":"","sticky":false,"template":"","format":"standard","meta":{"footnotes":""},"categories":[8],"tags":[27,28,2632,49,15,16,14,25,26,21,22,12,13,19,20,32,23,24,33,17,18,29,30,31],"class_list":{"0":"post-117412","1":"post","2":"type-post","3":"status-publish","4":"format-standard","5":"has-post-thumbnail","7":"category-principais-noticias","8":"tag-breaking-news","9":"tag-breakingnews","10":"tag-casa-dos-segredos","11":"tag-destaques","12":"tag-featured-news","13":"tag-featurednews","14":"tag-headlines","15":"tag-latest-news","16":"tag-latestnews","17":"tag-main-news","18":"tag-mainnews","19":"tag-news","20":"tag-noticias","21":"tag-noticias-principais","22":"tag-noticiasprincipais","23":"tag-portugal","24":"tag-principais-noticias","25":"tag-principaisnoticias","26":"tag-pt","27":"tag-top-stories","28":"tag-topstories","29":"tag-ultimas","30":"tag-ultimas-noticias","31":"tag-ultimasnoticias"},"share_on_mastodon":{"url":"","error":""},"_links":{"self":[{"href":"https:\/\/www.europesays.com\/pt\/wp-json\/wp\/v2\/posts\/117412","targetHints":{"allow":["GET"]}}],"collection":[{"href":"https:\/\/www.europesays.com\/pt\/wp-json\/wp\/v2\/posts"}],"about":[{"href":"https:\/\/www.europesays.com\/pt\/wp-json\/wp\/v2\/types\/post"}],"author":[{"embeddable":true,"href":"https:\/\/www.europesays.com\/pt\/wp-json\/wp\/v2\/users\/2"}],"replies":[{"embeddable":true,"href":"https:\/\/www.europesays.com\/pt\/wp-json\/wp\/v2\/comments?post=117412"}],"version-history":[{"count":0,"href":"https:\/\/www.europesays.com\/pt\/wp-json\/wp\/v2\/posts\/117412\/revisions"}],"wp:featuredmedia":[{"embeddable":true,"href":"https:\/\/www.europesays.com\/pt\/wp-json\/wp\/v2\/media\/113843"}],"wp:attachment":[{"href":"https:\/\/www.europesays.com\/pt\/wp-json\/wp\/v2\/media?parent=117412"}],"wp:term":[{"taxonomy":"category","embeddable":true,"href":"https:\/\/www.europesays.com\/pt\/wp-json\/wp\/v2\/categories?post=117412"},{"taxonomy":"post_tag","embeddable":true,"href":"https:\/\/www.europesays.com\/pt\/wp-json\/wp\/v2\/tags?post=117412"}],"curies":[{"name":"wp","href":"https:\/\/api.w.org\/{rel}","templated":true}]}}