{"id":117413,"date":"2025-10-19T14:58:08","date_gmt":"2025-10-19T14:58:08","guid":{"rendered":"https:\/\/www.europesays.com\/pt\/117413\/"},"modified":"2025-10-19T14:58:08","modified_gmt":"2025-10-19T14:58:08","slug":"e-uma-menina-agir-e-catarina-gama-revelam-sexo-do-primeiro-filho","status":"publish","type":"post","link":"https:\/\/www.europesays.com\/pt\/117413\/","title":{"rendered":"&#8220;\u00c9 uma menina&#8221;. Agir e Catarina Gama revelam sexo do primeiro filho"},"content":{"rendered":"<p>Agir e Catarina Gama sabem finalmente qual ser\u00e1 o sexo do primeiro filho em comum. A revela\u00e7\u00e3o aconteceu este s\u00e1bado, numa festa cheia de cores, sorrisos e emo\u00e7\u00e3o. No Instagram, partilharam o momento em que confetis cor-de-rosa anunciaram: &#8220;\u00c9 uma menina&#8221;.<\/p>\n<p data-remotead-prev-elm=\"true\" data-remotead-elm-id=\"inread\">Entre bal\u00f5es e confetis cor-de-rosa, o casal celebrou a novidade com grande alegria, marcando este momento especial nas redes sociais.<\/p>\n<p>Antes de saberem o sexo do beb\u00e9, Agir e Catarina Gama j\u00e1 tinham partilhado a felicidade de estar \u00e0 espera do primeiro filho. No dia 9 de setembro, anivers\u00e1rio do casamento, legendaram um v\u00eddeo com palavras cheias de emo\u00e7\u00e3o: &#8220;H\u00e1 oito anos, neste exato dia, dissemos &#8216;sim&#8217; um ao outro. Hoje, dizemos &#8216;sim&#8217; ao desconhecido que vir\u00e1&#8230; O nosso mundo acabou de ganhar mais cor. N\u00e3o foi f\u00e1cil. Deste luta. Demoraste. Mas, agora que chegaste, estamos aqui fora, \u00e0 tua espera.&#8221;<\/p>\n<p>B\u00e1rbara Bandeira \u00e9 madrinha da beb\u00e9<\/p>\n<p data-remotead-prev-elm=\"true\" data-remotead-elm-id=\"centro1\">Em setembro, B\u00e1rbara Bandeira foi sido escolhida como madrinha ainda na altura em que se anunciou a gravidez. Na festa de revela\u00e7\u00e3o do sexo, a cantora mostrou-se emocionada atrav\u00e9s de emojis, celebrando a chegada da menina.<\/p>\n<p>O momento foi vivido com alegria por amigos e familiares, incluindo a atriz Helena Isabel, ansiosa por receber a primeira neta nos bra\u00e7os. Com o sexo do beb\u00e9 desvendado, Agir e Catarina Gama preparam-se para iniciar esta nova etapa em fam\u00edlia.<\/p>\n","protected":false},"excerpt":{"rendered":"Agir e Catarina Gama sabem finalmente qual ser\u00e1 o sexo do primeiro filho em comum. A revela\u00e7\u00e3o aconteceu&hellip;\n","protected":false},"author":2,"featured_media":117414,"comment_status":"","ping_status":"","sticky":false,"template":"","format":"standard","meta":{"footnotes":""},"categories":[145],"tags":[11791,2557,211,210,27483,114,115,1038,32,33],"class_list":{"0":"post-117413","1":"post","2":"type-post","3":"status-publish","4":"format-standard","5":"has-post-thumbnail","7":"category-celebridades","8":"tag-agir","9":"tag-bebe","10":"tag-celebridades","11":"tag-celebrities","12":"tag-cha-revelacao","13":"tag-entertainment","14":"tag-entretenimento","15":"tag-paternidade","16":"tag-portugal","17":"tag-pt"},"share_on_mastodon":{"url":"","error":""},"_links":{"self":[{"href":"https:\/\/www.europesays.com\/pt\/wp-json\/wp\/v2\/posts\/117413","targetHints":{"allow":["GET"]}}],"collection":[{"href":"https:\/\/www.europesays.com\/pt\/wp-json\/wp\/v2\/posts"}],"about":[{"href":"https:\/\/www.europesays.com\/pt\/wp-json\/wp\/v2\/types\/post"}],"author":[{"embeddable":true,"href":"https:\/\/www.europesays.com\/pt\/wp-json\/wp\/v2\/users\/2"}],"replies":[{"embeddable":true,"href":"https:\/\/www.europesays.com\/pt\/wp-json\/wp\/v2\/comments?post=117413"}],"version-history":[{"count":0,"href":"https:\/\/www.europesays.com\/pt\/wp-json\/wp\/v2\/posts\/117413\/revisions"}],"wp:featuredmedia":[{"embeddable":true,"href":"https:\/\/www.europesays.com\/pt\/wp-json\/wp\/v2\/media\/117414"}],"wp:attachment":[{"href":"https:\/\/www.europesays.com\/pt\/wp-json\/wp\/v2\/media?parent=117413"}],"wp:term":[{"taxonomy":"category","embeddable":true,"href":"https:\/\/www.europesays.com\/pt\/wp-json\/wp\/v2\/categories?post=117413"},{"taxonomy":"post_tag","embeddable":true,"href":"https:\/\/www.europesays.com\/pt\/wp-json\/wp\/v2\/tags?post=117413"}],"curies":[{"name":"wp","href":"https:\/\/api.w.org\/{rel}","templated":true}]}}