{"id":117415,"date":"2025-10-19T15:00:14","date_gmt":"2025-10-19T15:00:14","guid":{"rendered":"https:\/\/www.europesays.com\/pt\/117415\/"},"modified":"2025-10-19T15:00:14","modified_gmt":"2025-10-19T15:00:14","slug":"livro-derruba-mitos-como-bossa-nova-ter-sido-de-elite-e-reforca-papel-revolucionario-de-joao-gilberto","status":"publish","type":"post","link":"https:\/\/www.europesays.com\/pt\/117415\/","title":{"rendered":"Livro derruba mitos como bossa nova ter sido de elite e refor\u00e7a papel revolucion\u00e1rio de Jo\u00e3o Gilberto"},"content":{"rendered":"\n<p class=\" content-text__container theme-color-primary-first-letter\" data-track-category=\"Link no Texto\" data-track-links=\"\"> N\u00e3o foram poucos os livros escritos sobre Jo\u00e3o Gilberto (1931-2019), o baiano de Juazeiro que alterou o eixo gravitacional da Terra com seu viol\u00e3o e sua voz de suavidade e balan\u00e7o sem igual. E cada um deles com uma abordagem diferente. \u201cHo-ba-la-l\u00e1\u201d, do alem\u00e3o Marc Fischer (1970-2011), por exemplo, \u00e9 o relato de uma viagem ao Rio, feita com o prop\u00f3sito de convencer o arredio mestre a cantar e tocar s\u00f3 para ele. Refer\u00eancia do jornalismo musical brasileiro, T\u00e1rik de Souza, 78, tamb\u00e9m tinha uma miss\u00e3o: arrancar de Jo\u00e3o uma entrevista para a revista \u201cVeja\u201d. <\/p>\n<p class=\" content-text__container \" data-track-category=\"Link no Texto\" data-track-links=\"\"> Era 1971, o artista tinha acabado de voltar do M\u00e9xico para o Brasil, onde ia fazer uma turn\u00ea. A odisseia de T\u00e1rik come\u00e7ou em uma conturbada entrevista coletiva, na qual usou de muita mentaliza\u00e7\u00e3o para conseguir que Jo\u00e3o se conectasse com ele e aceitasse conversar reservadamente. N\u00e3o foi f\u00e1cil, mas o encontro aconteceu dois dias depois e o papo se estendeu por quatro horas, entremeado por muitos n\u00fameros musicais. O bossanovista n\u00e3o permitiu que o jornalista gravasse e nem anotasse nada (a caneta s\u00f3 serviu para que T\u00e1rik marcasse o ritmo das m\u00fasicas). Dali sa\u00edram seis p\u00e1ginas, hist\u00f3ricas, com a \u00fanica entrevista oficial dada por Jo\u00e3o. <\/p>\n<p class=\" content-text__container \" data-track-category=\"Link no Texto\" data-track-links=\"\"> \u2014 Se eu fosse fazer aquilo hoje, ia ser um fracasso, porque minha mem\u00f3ria j\u00e1 era \u2014 admite hoje, rindo, o intr\u00e9pido entrevistador, que dia 11 de novembro autografa na Livraria da Travessa de Ipanema \u201cJo\u00e3o Gilberto e a insurrei\u00e7\u00e3o bossa nova: outros lados da hist\u00f3ria\u201d . <\/p>\n<p class=\" content-text__container \" data-track-category=\"Link no Texto\" data-track-links=\"\"> \u2014 Naquela \u00e9poca minha mem\u00f3ria estava a mil por hora. Ent\u00e3o, eu n\u00e3o somente n\u00e3o gravei como, quando voltei pro hotel, podia ter anotado mil coisas e n\u00e3o anotei nada. No dia seguinte \u00e9 que eu fui para a reda\u00e7\u00e3o, sentei e escrevi. \u00c9 como digo: eu fui o cavalo do Jo\u00e3o, quem fez a entrevista foi ele. O Jo\u00e3o foi o maior poder mental que eu conheci. <\/p>\n<p>      <img decoding=\"async\" class=\"content-media__image\"  src=\"https:\/\/www.europesays.com\/pt\/wp-content\/uploads\/2025\/10\/joao.png\" alt=\"Jo\u00e3o Gilberto \u2014 Foto: Acervo\/Editora Globo\" width=\"544\" height=\"805\" loading=\"lazy\"\/>  Jo\u00e3o Gilberto \u2014 Foto: Acervo\/Editora Globo       <\/p>\n<p class=\" content-text__container \" data-track-category=\"Link no Texto\" data-track-links=\"\"> As falas daquele dia sustentam a nova obra, que, como esclarece T\u00e1rik, \u00e9 na verdade \u201cum livro sobre a bossa nova\u201d. S\u00f3 que, ao se falar da bossa, n\u00e3o d\u00e1 para passar por cima do fato de que Jo\u00e3o Gilberto \u00e9 o seu principal personagem. <\/p>\n<p class=\" content-text__container \" data-track-category=\"Link no Texto\" data-track-links=\"\"> \u2014 O Jo\u00e3o foi o catalisador da bossa nova, ele foi o farol, foi o cara que levou a bossa adiante. Inclusive, no come\u00e7o, ele foi proselitista. Foi l\u00e1 gravar com Os Cariocas para mostrar como era a bossa, foi ele que chamou Ala\u00edde Costa para o movimento, ele foi mesmo um entusiasta \u2014 defende. \u2014 No livro, fui mostrando como o Jo\u00e3o sabia o que estava fazendo, como ele foi program\u00e1tico. O Jo\u00e3o merece uns 50 livros, porque nunca ningu\u00e9m no mundo conseguiu fazer o que ele fez de jun\u00e7\u00e3o de voz com o viol\u00e3o. Ele \u00e9 como Jimi Hendrix, que foi o maior guitarrista do mundo e continua sendo, porque ningu\u00e9m mais chegou l\u00e1. Assim como ningu\u00e9m conseguiu chegar ao que o Jo\u00e3o Gilberto fez. <\/p>\n<p class=\" content-text__container \" data-track-category=\"Link no Texto\" data-track-links=\"\"> T\u00e1rik confessa que a pretens\u00e3o de fazer um livro sobre a bossa vinha desde 1980, quando Laurindo de Almeida (1917-1995, que foi para os Estados Unidos na d\u00e9cada de 1940 para apresentar o viol\u00e3o brasileiro e n\u00e3o voltou mais) fez uma de suas raras apari\u00e7\u00f5es no pa\u00eds natal, para um concerto. E lhe deu uma entrevista. <\/p>\n<p class=\" content-text__container \" data-track-category=\"Link no Texto\" data-track-links=\"\"> \u2014 Laurindo foi o primeiro a tentar fazer a fus\u00e3o da MPB com o jazz, l\u00e1 nos Estados Unidos. Ele pegou o cara que trabalhava com orquestra do Stan Kenton, montou um quarteto e gravou v\u00e1rias m\u00fasicas brasileiras. Mas a coisa n\u00e3o funcionou \u2014 conta. \u2014 E a entrevista que ele deu, e que est\u00e1 reproduzida no livro, foi muito deprimente. Ele ainda estava arrasado porque a bossa nova tinha passado na sua frente. O LP \u201cBrazilliance\u201d que ele fez em 1953 n\u00e3o deu em nada, e um tempo depois veio o \u201cDesafinado\u201d na grava\u00e7\u00e3o do Stan Getz com o Charlie Byrd e vendeu um milh\u00e3o de c\u00f3pias, uma coisa completamente insana. A bossa nova saiu do nicho do jazz brasileiro e foi para uma m\u00fasica pop mesmo, virou um fen\u00f4meno. <\/p>\n<p class=\" content-text__container \" data-track-category=\"Link no Texto\" data-track-links=\"\"> Um dos prop\u00f3sitos de T\u00e1rik com seu novo livro \u00e9 o de bater de frente com o estere\u00f3tipo de que a bossa nova era \u201cum movimento de jovens brancos da Zona Sul carioca\u201d. E, com isso, ressaltar quem primeiro atingiu o ponto de fus\u00e3o da mistura que daria na bossa: Alfredo Jos\u00e9 da Silva (1929-2010), o Johnny Alf, \u201cum preto nascido na Tijuca, filho de uma empregada dom\u00e9stica e de um soldado (que morreu quando ele ainda era pequeno)\u201d, autor de cl\u00e1ssicos como \u201cIlus\u00e3o \u00e0 toa\u201d, \u201cEu e a brisa\u201d e \u201cRapaz de bem\u201d (can\u00e7\u00e3o que tratava, de forma velada, sobre a quest\u00e3o da homossexualidade, que Alf passou vida tendo que esconder). <\/p>\n<p class=\" content-text__container \" data-track-category=\"Link no Texto\" data-track-links=\"\"> \u2014 Ele tocava na cantina do (radialista) C\u00e9sar de Alencar e todo mundo ia atr\u00e1s dele: o Tom Jobim (que o chamava de \u201cGenialf\u201d), o Jo\u00e3o Donato, o Roberto Menescal&#8230; porque Johnny Alf foi o cara que conseguiu encontrar o formato de se juntar samba e jazz \u2014 considera o jornalista. \u2014 Tem at\u00e9 gente imbecil, idiota, que fala que a bossa nova embranqueceu o samba. Mas como \u00e9 que uma jun\u00e7\u00e3o de samba com jazz pode embranquecer? E, al\u00e9m do Johnny Alf, voc\u00ea tem na bossa nova nomes como os de Moacir Santos, Paulo Moura, Dom Salvador, Dom Um Rom\u00e3o, Edson Machado, Leny Andrade, Ala\u00edde Costa. A bossa tem muita negritude, e essa negritude est\u00e1 finalmente acentuada no livro. <\/p>\n<p class=\" content-text__container \" data-track-category=\"Link no Texto\" data-track-links=\"\"> Outro assunto obscuro sobre o qual T\u00e1rik faz quest\u00e3o de jogar luz com seu livro \u00e9 o das rela\u00e7\u00f5es entre a bossa nova, o rock e o pop (no cap\u00edtulo \u201cAmor de gente mo\u00e7a\u201d). O rock brasileiro e a bossa, por sinal, tiveram sua estreia em disco no mesmo ano, 1958. O jornalista exibe os seus argumentos. <\/p>\n<p class=\" content-text__container \" data-track-category=\"Link no Texto\" data-track-links=\"\"> \u2014 O Jo\u00e3o Gilberto gravou Lob\u00e3o (\u201cMe chama\u201d), gravou com a Rita Lee (em \u201cJou Jou Balangandans\u201d) e ainda fez os Novos Baianos darem a guinada na carreira com o \u201cAcabou Chorare\u201d (LP de 1972). O primeiro \u00eddolo da m\u00fasica rock no Brasil, ao lado da Celly Campello, foi o S\u00e9rgio Murilo, que gravou \u201cChega de saudade\u201d e \u201cDesafinado\u201d. E o segundo foi o Roberto Carlos, que come\u00e7ou imitando Jo\u00e3o \u2014 cita T\u00e1rik, lembrando que quando a bossa foi para o mundo, at\u00e9 mesmo o Rei do Rock, Elvis Presley, gravou uma, \u201cAlmost in love\u201d (de Luiz Bonf\u00e1, com letra de Randy Starr). <\/p>\n<p>      <img decoding=\"async\" class=\"content-media__image\"  src=\"https:\/\/www.europesays.com\/pt\/wp-content\/uploads\/2025\/10\/1760886014_717_sem-titulo.jpg\" alt=\"Jo\u00e3o Gilberto no Theatro Municipal: uma das fotos do livro '\u00c1lbum', de Leo Aversa \u2014 Foto: Leo Aversa\" width=\"586\" height=\"757\" loading=\"lazy\"\/>  Jo\u00e3o Gilberto no Theatro Municipal: uma das fotos do livro &#8216;\u00c1lbum&#8217;, de Leo Aversa \u2014 Foto: Leo Aversa       <\/p>\n<p class=\" content-text__container \" data-track-category=\"Link no Texto\" data-track-links=\"\"> E mesmo na quest\u00e3o da suposta falta de engajamento pol\u00edtico da bossa, T\u00e1rik faz quest\u00e3o de dar outros lados da hist\u00f3ria, informando que o lema \u201co amor, o sorriso e a flor\u201d vem dos versos de \u201cMedita\u00e7\u00e3o\u201d, uma can\u00e7\u00e3o de Tom Jobim com Newton Mendon\u00e7a \u2014 um integrante do Partido Comunista. <\/p>\n<p class=\" content-text__container \" data-track-category=\"Link no Texto\" data-track-links=\"\"> Com riqueza de refer\u00eancias biogr\u00e1ficas e discogr\u00e1ficas, al\u00e9m de um vasto cancioneiro (para compor, como diz, o quadro de uma \u201cbossa nova expandida\u201d), o livro ainda traz um levantamento de todas as m\u00fasicas que falam da bossa (a favor e contra), mostrando como ela foi, ao contr\u00e1rio do que alguns dizem, popular, um trend topic da \u00e9poca. E empilha depoimentos de v\u00e1rios artistas falando de que maneira o Jo\u00e3o Gilberto os impactou \u2014 de Gil e Caetano a Emicida e Thalma de Freitas. <\/p>\n","protected":false},"excerpt":{"rendered":"N\u00e3o foram poucos os livros escritos sobre Jo\u00e3o Gilberto (1931-2019), o baiano de Juazeiro que alterou o eixo&hellip;\n","protected":false},"author":2,"featured_media":117416,"comment_status":"","ping_status":"","sticky":false,"template":"","format":"standard","meta":{"footnotes":""},"categories":[143],"tags":[169,114,115,170,32,33,679],"class_list":{"0":"post-117415","1":"post","2":"type-post","3":"status-publish","4":"format-standard","5":"has-post-thumbnail","7":"category-livros","8":"tag-books","9":"tag-entertainment","10":"tag-entretenimento","11":"tag-livros","12":"tag-portugal","13":"tag-pt","14":"tag-reportagem"},"share_on_mastodon":{"url":"","error":""},"_links":{"self":[{"href":"https:\/\/www.europesays.com\/pt\/wp-json\/wp\/v2\/posts\/117415","targetHints":{"allow":["GET"]}}],"collection":[{"href":"https:\/\/www.europesays.com\/pt\/wp-json\/wp\/v2\/posts"}],"about":[{"href":"https:\/\/www.europesays.com\/pt\/wp-json\/wp\/v2\/types\/post"}],"author":[{"embeddable":true,"href":"https:\/\/www.europesays.com\/pt\/wp-json\/wp\/v2\/users\/2"}],"replies":[{"embeddable":true,"href":"https:\/\/www.europesays.com\/pt\/wp-json\/wp\/v2\/comments?post=117415"}],"version-history":[{"count":0,"href":"https:\/\/www.europesays.com\/pt\/wp-json\/wp\/v2\/posts\/117415\/revisions"}],"wp:featuredmedia":[{"embeddable":true,"href":"https:\/\/www.europesays.com\/pt\/wp-json\/wp\/v2\/media\/117416"}],"wp:attachment":[{"href":"https:\/\/www.europesays.com\/pt\/wp-json\/wp\/v2\/media?parent=117415"}],"wp:term":[{"taxonomy":"category","embeddable":true,"href":"https:\/\/www.europesays.com\/pt\/wp-json\/wp\/v2\/categories?post=117415"},{"taxonomy":"post_tag","embeddable":true,"href":"https:\/\/www.europesays.com\/pt\/wp-json\/wp\/v2\/tags?post=117415"}],"curies":[{"name":"wp","href":"https:\/\/api.w.org\/{rel}","templated":true}]}}