{"id":117438,"date":"2025-10-19T15:15:13","date_gmt":"2025-10-19T15:15:13","guid":{"rendered":"https:\/\/www.europesays.com\/pt\/117438\/"},"modified":"2025-10-19T15:15:13","modified_gmt":"2025-10-19T15:15:13","slug":"o-que-ver-na-tv-e-straming-neste-domingo-18-10-2025-ilustrada","status":"publish","type":"post","link":"https:\/\/www.europesays.com\/pt\/117438\/","title":{"rendered":"O que ver na TV e straming neste domingo &#8211; 18\/10\/2025 &#8211; Ilustrada"},"content":{"rendered":"<p>&#8220;Hal &amp; Harper&#8221; \u00e9 uma com\u00e9dia dram\u00e1tica sobre os irm\u00e3os que d\u00e3o nome ao t\u00edtulo e sua conviv\u00eancia intensa e emocional. Quando o pai deles, vivido por <a href=\"https:\/\/www1.folha.uol.com.br\/folha-topicos\/mark-ruffalo\/\" rel=\"nofollow noopener\" target=\"\">Mark Ruffalo<\/a>, anuncia que est\u00e1 esperando um filho com sua nova namorada ao mesmo tempo em que planeja vender a casa da fam\u00edlia, o universo \u00edntimo que Hal e Harper constru\u00edram se quebra. Tanto ele quanto ela s\u00e3o obrigados a revisitar seus traumas e reavaliar sua codepend\u00eancia.<\/p>\n<p><strong>Onde assistir:<\/strong> Mubi, 12 anos<\/p>\n<p><strong>Reencarne<\/strong><\/p>\n<p>A s\u00e9rie mistura horror gr\u00e1fico e drama existencial, tendo o cerrado do interior de Goi\u00e1s como cen\u00e1rio. Quando o ex-policial T\u00falio, vivido por Welket Bungu\u00e9, sai da pris\u00e3o ap\u00f3s cumprir 20 anos pela morte de seu parceiro Caio, ele decide se suicidar no dia em que recupera a liberdade.<\/p>\n<p>Ver\u00f4nica \u2014 Julia Dalavia\u2014, de 19 anos, o interrompe, afirmando que \u00e9 a reencarna\u00e7\u00e3o de Caio e que eles t\u00eam a miss\u00e3o de encontrar o verdadeiro assassino. Ao mesmo tempo, a delegada B\u00e1rbara Lopes, interpretada por <a href=\"https:\/\/www1.folha.uol.com.br\/folha-topicos\/tais-araujo\/\" rel=\"nofollow noopener\" target=\"_blank\">Ta\u00eds Araujo<\/a>, come\u00e7a a viver experi\u00eancias sobrenaturais.<\/p>\n<p><strong>Onde assistir:<\/strong> Globoplay, a partir de quinta-feira, 23<\/p>\n<p><strong>27 Noites<\/strong><\/p>\n<p>A exc\u00eantrica Martha Hoffman tem 83 anos e \u00e9 internada pelas filhas em uma cl\u00ednica psiqui\u00e1trica sob a alega\u00e7\u00e3o de dem\u00eancia. Um perito judicial come\u00e7a a investigar se Martha est\u00e1 realmente doente ou se a interna\u00e7\u00e3o \u00e9 uma tentativa de controlar sua fortuna. O longa-metragem \u00e9 uma com\u00e9dia de produ\u00e7\u00e3o argentina dirigido por Daniel Hendler.<\/p>\n<p><strong>Onde assistir:<\/strong> Netflix, 14 anos<\/p>\n<p><strong>Carona Mortal<\/strong><\/p>\n<p>Dois amigos que viajam pelo M\u00e9xico d\u00e3o carona a um estranho sem imaginar que ele \u00e9 um assassino fugitivo e que os manter\u00e1 ref\u00e9ns no deserto. O filme noir de 1953, dirigido pela atriz Ida Lupino, \u00e9 inspirado nos crimes reais de Billy Cook, que aterrorizou viajantes nos Estados Unidos ao pedir carona nos anos 1950.<\/p>\n<p><strong>Onde assistir:<\/strong> Belas Artes \u00e0 la Carte, 14 anos<\/p>\n<p><strong>A Tenta\u00e7\u00e3o<\/strong><\/p>\n<p>Charlie Hunnam interpreta o ateu Gavin, que est\u00e1 \u00e0 beira de um edif\u00edcio amea\u00e7ando pular. O detetive Hollis, interpretado pelo ator Terrence Howard, vai tentar impedi-lo. Ao conversarem, os dois travam um verdadeiro embate sobre religi\u00e3o e quest\u00f5es filos\u00f3ficas.<\/p>\n<p><strong>Onde assistir:<\/strong> Film&amp;Arts, 22h, 14 anos<\/p>\n<p><strong>Canal Livre<\/strong><\/p>\n<p>O governador do Amap\u00e1, Cl\u00e9cio Lu\u00eds Vieira, debate a explora\u00e7\u00e3o do petr\u00f3leo no Amazonas, a realiza\u00e7\u00e3o da COP 30, a conserva\u00e7\u00e3o ambiental, a bioeconomia e os diversos desafios de comandar um estado com cerca de 95% do territ\u00f3rio coberto por vegeta\u00e7\u00e3o.<\/p>\n<p><strong>Onde assistir:<\/strong> Band, 23h, livre<\/p>\n<p><strong>Katharsys &#8211; Hist\u00f3rias dos Anos 80<\/strong><\/p>\n<p>Dirigido por Roberto Moura nos anos 1980, o longa \u2014finalizado mais de 30 anos depois\u2014 \u00e9 a \u00faltima atua\u00e7\u00e3o de <a href=\"https:\/\/www1.folha.uol.com.br\/ilustrada\/2024\/09\/grande-otelo-e-signo-do-mal-estar-da-cultura-em-que-o-brasil-patina.shtml\" rel=\"nofollow noopener\" target=\"\">Grande Otelo <\/a>nas telas. O filme \u00e9 uma biografia ficcional de um cineasta alternativo, que revisita tr\u00eas de seus filmes.<\/p>\n<p><strong>Onde assistir:<\/strong> TV Brasil, 23h45, 14 anos<\/p>\n","protected":false},"excerpt":{"rendered":"&#8220;Hal &amp; Harper&#8221; \u00e9 uma com\u00e9dia dram\u00e1tica sobre os irm\u00e3os que d\u00e3o nome ao t\u00edtulo e sua conviv\u00eancia&hellip;\n","protected":false},"author":2,"featured_media":117439,"comment_status":"","ping_status":"","sticky":false,"template":"","format":"standard","meta":{"footnotes":""},"categories":[142],"tags":[470,114,115,236,1623,32,33,5456,218,1660,151,600],"class_list":{"0":"post-117438","1":"post","2":"type-post","3":"status-publish","4":"format-standard","5":"has-post-thumbnail","7":"category-tv","8":"tag-cinema","9":"tag-entertainment","10":"tag-entretenimento","11":"tag-folha","12":"tag-multitela","13":"tag-portugal","14":"tag-pt","15":"tag-tais-araujo","16":"tag-televisao","17":"tag-terror","18":"tag-tv","19":"tag-veja-video"},"share_on_mastodon":{"url":"","error":""},"_links":{"self":[{"href":"https:\/\/www.europesays.com\/pt\/wp-json\/wp\/v2\/posts\/117438","targetHints":{"allow":["GET"]}}],"collection":[{"href":"https:\/\/www.europesays.com\/pt\/wp-json\/wp\/v2\/posts"}],"about":[{"href":"https:\/\/www.europesays.com\/pt\/wp-json\/wp\/v2\/types\/post"}],"author":[{"embeddable":true,"href":"https:\/\/www.europesays.com\/pt\/wp-json\/wp\/v2\/users\/2"}],"replies":[{"embeddable":true,"href":"https:\/\/www.europesays.com\/pt\/wp-json\/wp\/v2\/comments?post=117438"}],"version-history":[{"count":0,"href":"https:\/\/www.europesays.com\/pt\/wp-json\/wp\/v2\/posts\/117438\/revisions"}],"wp:featuredmedia":[{"embeddable":true,"href":"https:\/\/www.europesays.com\/pt\/wp-json\/wp\/v2\/media\/117439"}],"wp:attachment":[{"href":"https:\/\/www.europesays.com\/pt\/wp-json\/wp\/v2\/media?parent=117438"}],"wp:term":[{"taxonomy":"category","embeddable":true,"href":"https:\/\/www.europesays.com\/pt\/wp-json\/wp\/v2\/categories?post=117438"},{"taxonomy":"post_tag","embeddable":true,"href":"https:\/\/www.europesays.com\/pt\/wp-json\/wp\/v2\/tags?post=117438"}],"curies":[{"name":"wp","href":"https:\/\/api.w.org\/{rel}","templated":true}]}}