{"id":117444,"date":"2025-10-19T15:20:23","date_gmt":"2025-10-19T15:20:23","guid":{"rendered":"https:\/\/www.europesays.com\/pt\/117444\/"},"modified":"2025-10-19T15:20:23","modified_gmt":"2025-10-19T15:20:23","slug":"casa-dos-segredos-ana-cristina-revela-lista-de-homens-com-quem-se-envolveu-sexualmente-mais-de","status":"publish","type":"post","link":"https:\/\/www.europesays.com\/pt\/117444\/","title":{"rendered":"Casa dos Segredos &#8211; Ana Cristina revela lista de homens com quem se envolveu sexualmente: &#8220;Mais de&#8230;&#8221;"},"content":{"rendered":"<p>Algumas conversas na <strong>Casa dos Segredos<\/strong> s\u00e3o bastante &#8220;produtivas&#8221;, assim o disse sarcasticamente uma internauta na plataforma X (Twitter).\u00a0<\/p>\n<p>Durante uma troca de palavas com alguns colegas,<strong> Ana Cristina <\/strong>confessou que j\u00e1 se envolveu sexualmente com v\u00e1rios parceiros.<\/p>\n<p><strong>&#8220;Tenho uma lista dos gajos que j\u00e1 comi, s\u00e3o mais de 40, mas n\u00e3o foi s\u00f3 beijos, foi mesmo cacetada&#8221;<\/strong>, revelou aos restantes concorrentes.<\/p>\n<blockquote>\n<p>Leia mais: Casa dos Segredos &#8211; <a href=\"https:\/\/www.novagente.pt\/casa-dos-segredos-liliana-fabio-fazem-sinal-de-consentimento-no-aniversario-de-ze\" rel=\"nofollow noopener\" target=\"_blank\">Liliana e F\u00e1bio fazem sinal de consentimento no anivers\u00e1rio de Z\u00e9<\/a><\/p>\n<\/blockquote>\n<p>Texto: Lu\u00eds Sigorro; Fotos: Redes sociais<\/p>\n<p class=\"intagram-text\">Siga a Nova Gente no Instagram<\/p>\n<p>                        <a href=\"https:\/\/www.instagram.com\/revistanovagente\/\" target=\"_blank\" aria-label=\"instagram\" rel=\"noopener nofollow\"><img decoding=\"async\" style=\"display: block; margin-left: auto; margin-right: auto; width: 250px; height: 83px;\" src=\"https:\/\/www.europesays.com\/pt\/wp-content\/uploads\/2025\/10\/Instagram_NG.png\" alt=\"instagram\"\/><\/a><br \/>\n                    <script async src=\"\/\/www.instagram.com\/embed.js\"><\/script><\/p>\n","protected":false},"excerpt":{"rendered":"Algumas conversas na Casa dos Segredos s\u00e3o bastante &#8220;produtivas&#8221;, assim o disse sarcasticamente uma internauta na plataforma X&hellip;\n","protected":false},"author":2,"featured_media":117445,"comment_status":"","ping_status":"","sticky":false,"template":"","format":"standard","meta":{"footnotes":""},"categories":[85],"tags":[19725,2632,114,115,32,33],"class_list":{"0":"post-117444","1":"post","2":"type-post","3":"status-publish","4":"format-standard","5":"has-post-thumbnail","7":"category-entretenimento","8":"tag-ana-cristina","9":"tag-casa-dos-segredos","10":"tag-entertainment","11":"tag-entretenimento","12":"tag-portugal","13":"tag-pt"},"share_on_mastodon":{"url":"","error":""},"_links":{"self":[{"href":"https:\/\/www.europesays.com\/pt\/wp-json\/wp\/v2\/posts\/117444","targetHints":{"allow":["GET"]}}],"collection":[{"href":"https:\/\/www.europesays.com\/pt\/wp-json\/wp\/v2\/posts"}],"about":[{"href":"https:\/\/www.europesays.com\/pt\/wp-json\/wp\/v2\/types\/post"}],"author":[{"embeddable":true,"href":"https:\/\/www.europesays.com\/pt\/wp-json\/wp\/v2\/users\/2"}],"replies":[{"embeddable":true,"href":"https:\/\/www.europesays.com\/pt\/wp-json\/wp\/v2\/comments?post=117444"}],"version-history":[{"count":0,"href":"https:\/\/www.europesays.com\/pt\/wp-json\/wp\/v2\/posts\/117444\/revisions"}],"wp:featuredmedia":[{"embeddable":true,"href":"https:\/\/www.europesays.com\/pt\/wp-json\/wp\/v2\/media\/117445"}],"wp:attachment":[{"href":"https:\/\/www.europesays.com\/pt\/wp-json\/wp\/v2\/media?parent=117444"}],"wp:term":[{"taxonomy":"category","embeddable":true,"href":"https:\/\/www.europesays.com\/pt\/wp-json\/wp\/v2\/categories?post=117444"},{"taxonomy":"post_tag","embeddable":true,"href":"https:\/\/www.europesays.com\/pt\/wp-json\/wp\/v2\/tags?post=117444"}],"curies":[{"name":"wp","href":"https:\/\/api.w.org\/{rel}","templated":true}]}}