{"id":117466,"date":"2025-10-19T15:38:12","date_gmt":"2025-10-19T15:38:12","guid":{"rendered":"https:\/\/www.europesays.com\/pt\/117466\/"},"modified":"2025-10-19T15:38:12","modified_gmt":"2025-10-19T15:38:12","slug":"portugal-recebeu-200-mil-milhoes-de-euros-da-uniao-europeia-nos-ultimos-20-anos-poligrafo","status":"publish","type":"post","link":"https:\/\/www.europesays.com\/pt\/117466\/","title":{"rendered":"Portugal recebeu 200 mil milh\u00f5es de euros da Uni\u00e3o Europeia nos \u00faltimos 20 anos? \u2013 Pol\u00edgrafo"},"content":{"rendered":"<p>Foi publicado no Facebook um <a href=\"https:\/\/www.facebook.com\/justino70\/posts\/pfbid0H23TqSgPiCHnFZNbmfj1CEj7qMAhDYPWK7RoKVmfLk7pUx4EhMimHrfs6Q49tZWPl\" rel=\"nofollow noopener\" target=\"_blank\">post<\/a> que indica que Portugal recebeu da Uni\u00e3o Europeia (UE) \u201cquase 200 mil milh\u00f5es de euros\u201d em 20 anos. \u201cContinua-se na cauda da Europa\u201d, defende o autor da publica\u00e7\u00e3o.<\/p>\n<p>Mas ser\u00e1 que Portugal recebeu mesmo este montante em fundos europeus nos \u00faltimos 20 anos?<\/p>\n<p><a href=\"https:\/\/poligrafo.sapo.pt\/wp-content\/uploads\/2025\/10\/6e58e395-55d7-4d8b-9bb9-2c8042fcd799.png\" rel=\"nofollow noopener\" target=\"_blank\"><img fetchpriority=\"high\" decoding=\"async\" class=\"alignnone wp-image-85659 \" src=\"https:\/\/www.europesays.com\/pt\/wp-content\/uploads\/2025\/10\/6e58e395-55d7-4d8b-9bb9-2c8042fcd799-e1760519513161.png\" alt=\"\" width=\"609\" height=\"480\"  \/><\/a><\/p>\n<p><b>N\u00e3o<\/b>. De acordo com informa\u00e7\u00e3o do Banco de Portugal (BdP) atualizada at\u00e9 julho de 2025 e enviada ao Pol\u00edgrafo, Portugal recebeu cerca de 180 mil milh\u00f5es de euros (\u201ca pre\u00e7os constantes de 2021\u201d) em fundos europeus desde 1986, quando entrou na antiga Comunidade Econ\u00f3mica Europeia.<\/p>\n<p>Mesmo considerando que os 180.216,4 milh\u00f5es de euros s\u00e3o \u201cquase 200 mil milh\u00f5es\u201d, este foi o montante <strong>recebido em 40 anos<\/strong> e n\u00e3o 20, como indica a publica\u00e7\u00e3o.<\/p>\n<p>Nas \u00faltimas duas d\u00e9cadas, entre 2005 e julho de 2025, Portugal recebeu 100.062,4 milh\u00f5es de euros. <strong>Cerca de metade<\/strong> do que se alega nas redes sociais.<\/p>\n<p>Importa sublinhar ainda que nestes 20 anos, Portugal tamb\u00e9m contribuiu com dinheiro para a UE \u2013 um valor que <strong>ronda os 43.663 milh\u00f5es.<\/strong><\/p>\n<p>O valor indicado na publica\u00e7\u00e3o <strong>n\u00e3o tem fundamento<\/strong>. Nem somando todo o montante recebido por Portugal desde 1986 se chega aos tais 200 mil milh\u00f5es de euros.<\/p>\n<p>_______________________________<\/p>\n<p><strong>Avalia\u00e7\u00e3o do Pol\u00edgrafo:<\/strong><\/p>\n","protected":false},"excerpt":{"rendered":"Foi publicado no Facebook um post que indica que Portugal recebeu da Uni\u00e3o Europeia (UE) \u201cquase 200 mil&hellip;\n","protected":false},"author":2,"featured_media":117467,"comment_status":"","ping_status":"","sticky":false,"template":"","format":"standard","meta":{"footnotes":""},"categories":[10],"tags":[27,28,15,16,14,25,26,21,22,12,13,19,20,32,23,24,33,17,18,29,30,31],"class_list":{"0":"post-117466","1":"post","2":"type-post","3":"status-publish","4":"format-standard","5":"has-post-thumbnail","7":"category-portugal","8":"tag-breaking-news","9":"tag-breakingnews","10":"tag-featured-news","11":"tag-featurednews","12":"tag-headlines","13":"tag-latest-news","14":"tag-latestnews","15":"tag-main-news","16":"tag-mainnews","17":"tag-news","18":"tag-noticias","19":"tag-noticias-principais","20":"tag-noticiasprincipais","21":"tag-portugal","22":"tag-principais-noticias","23":"tag-principaisnoticias","24":"tag-pt","25":"tag-top-stories","26":"tag-topstories","27":"tag-ultimas","28":"tag-ultimas-noticias","29":"tag-ultimasnoticias"},"share_on_mastodon":{"url":"","error":""},"_links":{"self":[{"href":"https:\/\/www.europesays.com\/pt\/wp-json\/wp\/v2\/posts\/117466","targetHints":{"allow":["GET"]}}],"collection":[{"href":"https:\/\/www.europesays.com\/pt\/wp-json\/wp\/v2\/posts"}],"about":[{"href":"https:\/\/www.europesays.com\/pt\/wp-json\/wp\/v2\/types\/post"}],"author":[{"embeddable":true,"href":"https:\/\/www.europesays.com\/pt\/wp-json\/wp\/v2\/users\/2"}],"replies":[{"embeddable":true,"href":"https:\/\/www.europesays.com\/pt\/wp-json\/wp\/v2\/comments?post=117466"}],"version-history":[{"count":0,"href":"https:\/\/www.europesays.com\/pt\/wp-json\/wp\/v2\/posts\/117466\/revisions"}],"wp:featuredmedia":[{"embeddable":true,"href":"https:\/\/www.europesays.com\/pt\/wp-json\/wp\/v2\/media\/117467"}],"wp:attachment":[{"href":"https:\/\/www.europesays.com\/pt\/wp-json\/wp\/v2\/media?parent=117466"}],"wp:term":[{"taxonomy":"category","embeddable":true,"href":"https:\/\/www.europesays.com\/pt\/wp-json\/wp\/v2\/categories?post=117466"},{"taxonomy":"post_tag","embeddable":true,"href":"https:\/\/www.europesays.com\/pt\/wp-json\/wp\/v2\/tags?post=117466"}],"curies":[{"name":"wp","href":"https:\/\/api.w.org\/{rel}","templated":true}]}}