{"id":117468,"date":"2025-10-19T15:39:19","date_gmt":"2025-10-19T15:39:19","guid":{"rendered":"https:\/\/www.europesays.com\/pt\/117468\/"},"modified":"2025-10-19T15:39:19","modified_gmt":"2025-10-19T15:39:19","slug":"ha-largas-dezenas-de-milhares-de-imigrantes-ilegais-em-portugal-muitos-chegam-com-contratos-falsos-com-empresas-que-nao-existem","status":"publish","type":"post","link":"https:\/\/www.europesays.com\/pt\/117468\/","title":{"rendered":"H\u00e1 &#8220;largas dezenas de milhares&#8221; de imigrantes ilegais em Portugal. Muitos chegam com &#8220;contratos falsos, com empresas que n\u00e3o existem&#8221;"},"content":{"rendered":"<p>\t                &#8220;Uma das recentes preocupa\u00e7\u00f5es\u201d da PSP est\u00e1 relacionada com as recentes redes detetadas nos aeroportos, sobretudo com pessoas que chegam a Portugal com &#8220;muitos contratos falsos, com empresas que n\u00e3o existem&#8221;<\/p>\n<p>O respons\u00e1vel pela Unidade Nacional de Estrangeiros e Fronteiras da PSP estima que \u201clargas dezenas de milhares\u201d de imigrantes vivam no pa\u00eds em situa\u00e7\u00e3o irregular e manifesta preocupa\u00e7\u00e3o com as recentes redes detetadas nos aeroportos, sobretudo envolvendo cidad\u00e3os lus\u00f3fonos.<\/p>\n<p>\u201cEu diria que temos algumas largas dezenas de milhares de pessoas que est\u00e3o em situa\u00e7\u00e3o irregular no territ\u00f3rio nacional\u201d, disse o diretor nacional-adjunto da PSP e respons\u00e1vel pela Unidade Nacional de Estrangeiros e Fronteiras (UNEF), Jo\u00e3o Ribeiro.<\/p>\n<p>O respons\u00e1vel admitiu que, na maioria, ser\u00e3o casos simples, \u201ctalvez por inexperi\u00eancia, talvez por ina\u00e7\u00e3o, olhando ao contexto jur\u00eddico que existia, ou porque n\u00e3o entregaram documentos, ou porque deveriam ter feito prova de determinadas situa\u00e7\u00f5es e n\u00e3o fizeram\u201d.<\/p>\n<p>\u201cA quest\u00e3o \u00e9 que temos agora um quadro mais coerente em termos daquilo que \u00e9 a migra\u00e7\u00e3o regulada\u201d, afirma.<\/p>\n<p>Em entrevista \u00e0 ag\u00eancia Lusa, Jo\u00e3o Ribeiro avan\u00e7a que alguns dos imigrantes tinham manifesta\u00e7\u00e3o de interesse (instrumento que foi extinto em junho de 2024 e permitia aos cidad\u00e3os estrangeiros que quisessem morar no pa\u00eds pedir uma autoriza\u00e7\u00e3o de resid\u00eancia), mas outros j\u00e1 chegaram sem aquele instrumento e sem terem feito qualquer registo.<\/p>\n<p>\u201cNunca avan\u00e7aram com nenhum documento. Se n\u00e3o juntaram os documentos quando era devido, est\u00e3o em situa\u00e7\u00e3o irregular\u201d, disse, dando conta de que os imigrantes que se encontram nesta situa\u00e7\u00e3o s\u00e3o essencialmente brasileiros e do subcontinente indiano como \u00cdndia, Paquist\u00e3o, Bangladesh e Nepal.<\/p>\n<p>Ressalvando que este n\u00famero est\u00e1 relacionado com &#8220;o excessivo volume de processos com que a AIMA teve de lidar e que representa grandes desafios&#8221; para a PSP, Jo\u00e3o Ribeiro frisa que a nova unidade da PSP tem como &#8220;principal preocupa\u00e7\u00e3o&#8221; estes imigrantes em situa\u00e7\u00e3o irregular e aqueles que est\u00e3o a entrar atualmente em Portugal e que representam um \u201cgrande risco\u201d para o pa\u00eds e espa\u00e7o Schengen.<\/p>\n<p>Nesse sentido, avan\u00e7a que \u201cuma das recentes preocupa\u00e7\u00f5es\u201d da PSP est\u00e1 relacionada com as recentes redes detetadas nos aeroportos.<\/p>\n<p>\u201cDesde que terminaram as manifesta\u00e7\u00f5es de interesse, [esse tipo de redes] \u00e9 visto como uma forma mais simples\u201d de tentar entrar no pa\u00eds, disse o respons\u00e1vel, defendendo que \u00e9 preciso \u201colhar com mais aten\u00e7\u00e3o para essa abordagem\u201d.<\/p>\n<p>A PSP tem detetado nos aeroportos muitos contratos falsos, com empresas que n\u00e3o existem, por parte de \u201ccidad\u00e3os de diferentes pa\u00edses da CPLP [Comunidade dos Pa\u00edses de L\u00edngua Portuguesa] que querem vir para Portugal trabalhar\u201d, disse.<\/p>\n<p>Alguns deles ter\u00e3o mesmo \u201cconfessado que pagaram para obter estes documentos\u201d e muitos deles podem at\u00e9 estar a \u201cutilizar Portugal como uma porta de entrada para a Europa\u201d.<\/p>\n<p>O respons\u00e1vel sustenta que a aposta ser\u00e1 conseguir antecipar cen\u00e1rios de risco.<\/p>\n<p>Exemplifica que tem havido \u201creuni\u00f5es e contactos com as pol\u00edcias de migra\u00e7\u00e3o e fronteiras de outros pa\u00edses, nomeadamente da CPLP\u201d, no sentido de refor\u00e7ar as fronteiras a\u00e9reas nesses Estados que representam risco para as fronteiras portuguesas.<\/p>\n<p>Referiu tamb\u00e9m que no \u00faltimo m\u00eas se realizaram v\u00e1rios cursos de forma\u00e7\u00e3o em v\u00e1rios pa\u00edses da CPLP para capacitar as pol\u00edcias de fronteira locais na dete\u00e7\u00e3o de situa\u00e7\u00f5es de risco e que representem press\u00e3o migrat\u00f3ria para Portugal.<\/p>\n<p>\u201cAo projetarmos estes elementos estamos a ir \u00e0 origem das rotas migrat\u00f3rias, at\u00e9 porque a press\u00e3o migrat\u00f3ria que alguns desses pa\u00edses t\u00eam nem \u00e9 tanto nacionais desses Estados. Acaba por ser todo um conjunto de Estados vizinhos em que h\u00e1 rotas migrat\u00f3rias que tentam utilizar a qualidade do pa\u00eds da CPLP para vir precisamente para Portugal\u201d, disse.<\/p>\n<p>PSP rejeita ideia de &#8220;ca\u00e7a ao imigrante ilegal&#8221; <\/p>\n<p>A PSP admite um aumento de opera\u00e7\u00f5es de fiscaliza\u00e7\u00e3o, mas recusa que a Unidade Nacional de Estrangeiros e Fronteiras tenha sido criada para perseguir imigrantes ilegais, destacando a vertente humanista da sua atua\u00e7\u00e3o.<\/p>\n<p>\u201cEu n\u00e3o tenho essa vis\u00e3o [da UNEF criada para &#8216;ca\u00e7a ao imigrante ilegal&#8217;]. Fiquei triste, digamos assim, de ver alguma imprensa brasileira caracterizar a cria\u00e7\u00e3o da Unidade Nacional de Estrangeiros e Fronteiras na PSP, fazendo compara\u00e7\u00f5es ao ICE nos Estados Unidos [servi\u00e7o norte-americano de imigra\u00e7\u00e3o e alf\u00e2ndegas], admitiu o diretor nacional-adjunto da PSP e respons\u00e1vel pela UNEF, Jo\u00e3o Ribeiro, em entrevista \u00e0 ag\u00eancia Lusa.<\/p>\n<p>Jo\u00e3o Ribeiro sustenta que a abordagem da PSP \u201cn\u00e3o \u00e9 essa\u201d: \u201cEstamos num Estado de Direito, temos uma matriz na forma\u00e7\u00e3o de todos os nossos pol\u00edcias que \u00e9 do respeito e do primado dos direitos humanos e \u00e9 essa abordagem que temos\u201d.<\/p>\n<p>O respons\u00e1vel sublinha tamb\u00e9m que os imigrantes n\u00e3o precisam de ter medo da Unidade Nacional de Estrangeiros e Fronteiras, pois Portugal quer \u201cuma migra\u00e7\u00e3o regulada, mas ao mesmo tempo humanista\u201d.<\/p>\n<p>No entanto, admite que pode haver alguma tens\u00e3o quando um estrangeiro tenta entrar em Portugal e \u00e9 intersetado no aeroporto porque n\u00e3o re\u00fane as condi\u00e7\u00f5es para entrar no pa\u00eds.<\/p>\n<p>\u201cNecessariamente existe aqui essa tens\u00e3o. Portanto, n\u00e3o \u00e9 uma quest\u00e3o de termos comportamentos humanistas, ali\u00e1s, os espa\u00e7os que existem nos aeroportos nacionais e tamb\u00e9m a n\u00edvel da unidade habitacional [no Porto], \u00e9 a \u00e1rea da PSP mais fiscalizada, seja pelas entidades nacionais, seja tamb\u00e9m pelos mecanismos internos, seja tamb\u00e9m por organiza\u00e7\u00f5es internacionais, portanto, \u00e9 a \u00e1rea da PSP neste momento mais auditada\u201d, disse.<\/p>\n<p>O respons\u00e1vel frisa que a aposta nesta mat\u00e9ria \u201c\u00e9 sempre transparente e profissional\u201d, tentando \u201cquebrar o mito\u201d sobre aquilo que foi dito em alguma imprensa de que se aconselhava os imigrantes a terem medo da Unidade Nacional de Estrangeiros e Fronteiras.<\/p>\n<p>Rejeitando a ideia de \u201cca\u00e7a ao imigrante ilegal\u201d, Jo\u00e3o Ribeiro avan\u00e7a que a abordagem da PSP \u00e9 feita de acordo com \u201cos fatores de risco\u201d.<\/p>\n<p>\u201cSabemos onde est\u00e3o os fatores de risco, conseguimos identificar onde est\u00e3o as pessoas. Aqui acaba por ser uma vis\u00e3o sist\u00e9mica. Eu n\u00e3o posso ir agora buscar mil pessoas que est\u00e3o em situa\u00e7\u00e3o irregular se n\u00e3o tenho capacidade de alojamento de emerg\u00eancia para essas pessoas. O que fazemos \u00e9 uma abordagem de acordo com as matrizes de risco que n\u00f3s temos e que seguimos\u201d, sublinha.<\/p>\n<p>O diretor nacional-adjunto da PSP insistiu que \u201cn\u00e3o \u00e9 um fator de ter medo\u201d, mas nota: \u201cClaro que se eu estiver numa situa\u00e7\u00e3o irregular e entrei irregularmente em territ\u00f3rio nacional e eventualmente estou a praticar atos que constituem crimes, sim, essa pessoa tem que ter medo\u201d.<\/p>\n<p>O respons\u00e1vel pela UNEF reconheceu tamb\u00e9m que a PSP aumentou as opera\u00e7\u00f5es de fiscaliza\u00e7\u00e3o em determinadas zonas frequentadas por imigrantes, nomeadamente em Lisboa.<\/p>\n<p>\u201cSim, h\u00e1 opera\u00e7\u00f5es dirigidas. N\u00f3s fazemos opera\u00e7\u00f5es de controle m\u00f3vel de fronteira, s\u00e3o opera\u00e7\u00f5es muito dirigidas, ou seja, temos a clara no\u00e7\u00e3o dos riscos, dos potenciais riscos ou amea\u00e7as que est\u00e3o presentes ali naquele \u00e2mbito e temos essa abordagem no sentido de aumentar as fiscaliza\u00e7\u00f5es\u201d, disse.<\/p>\n<p>O \u201cgrande objetivo\u201d \u00e9 conseguir que Portugal seja um pa\u00eds seguro e reconhecido como destino de oportunidade para os imigrantes, mas ao mesmo tempo \u00e9 necess\u00e1rio \u201ccombater de forma eficaz e eficiente tudo aquilo que representa situa\u00e7\u00f5es de elevado risco\u201d.<\/p>\n<p>Jo\u00e3o Ribeiro considera que \u201cn\u00e3o \u00e9 aceit\u00e1vel que haja rotas migrat\u00f3rias a explorar Portugal como um local onde podem entrar pessoas em situa\u00e7\u00e3o irregular\u201d.<\/p>\n<p>\u201cPortugal representa um risco para toda a Europa em termos nacionais de migra\u00e7\u00e3o irregular, portanto isso \u00e9 algo que n\u00f3s temos como objetivo priorit\u00e1rio, mas ao mesmo tempo temos esta abordagem sist\u00e9mica e estruturada\u201d, disse.<\/p>\n<p>Nesse sentido, destaca a cria\u00e7\u00e3o da UNEF para contribuir \u201cpara a seguran\u00e7a interna, para que Portugal seja um pa\u00eds seguro, mas tamb\u00e9m para que haja uma migra\u00e7\u00e3o regulada\u201d.<\/p>\n<p>\u201cAt\u00e9 porque, nitidamente, olhando para aquilo que s\u00e3o as sondagens da popula\u00e7\u00e3o portuguesa, sem sombra de d\u00favida, o envelhecimento da Europa s\u00f3 \u00e9 combatido ou com o crescimento natural ou permitindo que haja a migra\u00e7\u00e3o regulada e que possam contribuir para o sucesso de cada um dos pa\u00edses\u201d, disse ainda.<\/p>\n","protected":false},"excerpt":{"rendered":"&#8220;Uma das recentes preocupa\u00e7\u00f5es\u201d da PSP est\u00e1 relacionada com as recentes redes detetadas nos aeroportos, sobretudo com pessoas&hellip;\n","protected":false},"author":2,"featured_media":117469,"comment_status":"","ping_status":"","sticky":false,"template":"","format":"standard","meta":{"footnotes":""},"categories":[8],"tags":[609,611,27,28,607,608,604,610,539,15,16,14,1481,27491,9366,27490,8446,603,25,26,570,21,22,606,12,13,19,20,602,32,23,24,1306,33,58,605,17,18,29,30,31],"class_list":{"0":"post-117468","1":"post","2":"type-post","3":"status-publish","4":"format-standard","5":"has-post-thumbnail","7":"category-principais-noticias","8":"tag-alerta","9":"tag-ao-minuto","10":"tag-breaking-news","11":"tag-breakingnews","12":"tag-cnn","13":"tag-cnn-portugal","14":"tag-crime","15":"tag-direto","16":"tag-educacao","17":"tag-featured-news","18":"tag-featurednews","19":"tag-headlines","20":"tag-imigracao","21":"tag-imigracao-em-portugal","22":"tag-imigracao-ilegal","23":"tag-imigrantes-em-portugal","24":"tag-imigrantes-ilegais","25":"tag-justica","26":"tag-latest-news","27":"tag-latestnews","28":"tag-live","29":"tag-main-news","30":"tag-mainnews","31":"tag-meteorologia","32":"tag-news","33":"tag-noticias","34":"tag-noticias-principais","35":"tag-noticiasprincipais","36":"tag-pais","37":"tag-portugal","38":"tag-principais-noticias","39":"tag-principaisnoticias","40":"tag-psp","41":"tag-pt","42":"tag-sociedade","43":"tag-tempo","44":"tag-top-stories","45":"tag-topstories","46":"tag-ultimas","47":"tag-ultimas-noticias","48":"tag-ultimasnoticias"},"share_on_mastodon":{"url":"","error":""},"_links":{"self":[{"href":"https:\/\/www.europesays.com\/pt\/wp-json\/wp\/v2\/posts\/117468","targetHints":{"allow":["GET"]}}],"collection":[{"href":"https:\/\/www.europesays.com\/pt\/wp-json\/wp\/v2\/posts"}],"about":[{"href":"https:\/\/www.europesays.com\/pt\/wp-json\/wp\/v2\/types\/post"}],"author":[{"embeddable":true,"href":"https:\/\/www.europesays.com\/pt\/wp-json\/wp\/v2\/users\/2"}],"replies":[{"embeddable":true,"href":"https:\/\/www.europesays.com\/pt\/wp-json\/wp\/v2\/comments?post=117468"}],"version-history":[{"count":0,"href":"https:\/\/www.europesays.com\/pt\/wp-json\/wp\/v2\/posts\/117468\/revisions"}],"wp:featuredmedia":[{"embeddable":true,"href":"https:\/\/www.europesays.com\/pt\/wp-json\/wp\/v2\/media\/117469"}],"wp:attachment":[{"href":"https:\/\/www.europesays.com\/pt\/wp-json\/wp\/v2\/media?parent=117468"}],"wp:term":[{"taxonomy":"category","embeddable":true,"href":"https:\/\/www.europesays.com\/pt\/wp-json\/wp\/v2\/categories?post=117468"},{"taxonomy":"post_tag","embeddable":true,"href":"https:\/\/www.europesays.com\/pt\/wp-json\/wp\/v2\/tags?post=117468"}],"curies":[{"name":"wp","href":"https:\/\/api.w.org\/{rel}","templated":true}]}}