{"id":117496,"date":"2025-10-19T16:01:15","date_gmt":"2025-10-19T16:01:15","guid":{"rendered":"https:\/\/www.europesays.com\/pt\/117496\/"},"modified":"2025-10-19T16:01:15","modified_gmt":"2025-10-19T16:01:15","slug":"vilaca-emocionado-com-ajuda-de-companheiros-no-mundial-de-triatlo","status":"publish","type":"post","link":"https:\/\/www.europesays.com\/pt\/117496\/","title":{"rendered":"Vila\u00e7a emocionado com ajuda de companheiros no Mundial de triatlo"},"content":{"rendered":"<p>Vasco Vila\u00e7a confirmou na Austr\u00e1lia que \u00e9 uma das promessas portuguesas para os Jogos Ol\u00edmpicos de Los Angeles2028 e uma refer\u00eancia da modalidade, ocupando o terceiro lugar do Mundial, Mas, o triatleta de 25 anos, garante que n\u00e3o subiu sozinho ao \u00faltimo lugar do p\u00f3dio. <\/p>\n<p>Todos os elogios v\u00e3o para Miguel Tiago Silva e Ricardo Batista, que foram, respetivamente, s\u00e9timo e 15.\u00ba na final\u00edssima.<\/p>\n<p>\u00abEmbora isto fosse uma final\u00edssima para eles tamb\u00e9m e uma prova bastante importante, trabalharam n\u00e3o s\u00f3 para eles, mas tamb\u00e9m para mim. E ajudaram-me imenso nesta prova. O Miguel Tiago Silva, na bicicleta, ao n\u00e3o ajudar o grupo dele, para os corredores que estavam na frente n\u00e3o ganharem mais tempo, e o Ricardo Batista no meu grupo a trabalhar e a perder energia que precisava para a corrida dele para me aproximar o m\u00e1ximo poss\u00edvel do primeiro grupo\u00bb, elogiou.<\/p>\n<p>\u00abFoi incr\u00edvel. Deixa-me bastante emocionado eles fazerem isso. \u00c9 um p\u00f3dio mundial n\u00e3o s\u00f3 meu, mas deles tamb\u00e9m\u00bb, garantiu.<\/p>\n<p>Vila\u00e7a, de 25 anos, cumpriu a sua prova em 1h43,44 horas e foi quinto classificado, ficando a 22 segundos do terceiro lugar do evento, mas confirmou o seu primeiro p\u00f3dio (3.\u00ba) nas contas finais.<\/p>\n<p>\u00abEste \u00e9 o meu melhor resultado de sempre numa s\u00e9rie mundial, com as sete, oito etapas que temos, e o o meu melhor resultado de sempre numa final\u00edssima\u00bb, disse o triatleta portugu\u00eas, ap\u00f3s a \u00faltima etapa do circuito mundial, hoje, em Wollongong, na Austr\u00e1lia.<\/p>\n<p>\u00abN\u00e3o falhar na final\u00edssima, come\u00e7ar como terceiro do mundo e acabar como terceiro do mundo foi muito especial e muito importante para mim. Acho que foi um passo bastante importante na minha carreira\u00bb, constatou o ol\u00edmpico, em declara\u00e7\u00f5es \u00e0 Federa\u00e7\u00e3o de Triatlo de Portugal.<\/p>\n<p>Em 2020, Vila\u00e7a foi vice-campe\u00e3o mundial, mas, na altura, o t\u00edtulo foi atribu\u00eddo num formato diferente, de apenas um dia devido \u00e0 pandemia de covid-19. \u00ab\u00c9 um passo muito importante no que ser\u00e1 a qualifica\u00e7\u00e3o ol\u00edmpica, que vai come\u00e7ar no pr\u00f3ximo ano, para o grande objetivo de Los Angeles2028\u00bb, recordou o atleta que foi 5.\u00ba classificado nos Jogos Ol\u00edmpicos de Paris2024.<\/p>\n<p>Grande dominador da temporada, Matthew Hauser confirmou em casa o t\u00edtulo mundial, vencendo a final\u00edssima com o tempo de 1h42.42 horas e impondo-se no Mundial com 4.250 pontos.<\/p>\n<p>Nas contas finais, Ricardo Batista, sexto em Paris2024, ocupou o 12.\u00ba lugar do ranking do Mundial, com 2.089,91 pontos, e Miguel Tiago Silva subiu a 18.\u00ba, com 1.689,57.<\/p>\n<p><a target=\"_blank\" class=\"editor-link\" href=\"https:\/\/profile.google.com\/cp\/CgkvbS8wNWNjOHQ?pf=0\" rel=\"nofollow noopener\">Siga o perfil de A BOLA no Google<\/a><\/p>\n","protected":false},"excerpt":{"rendered":"Vasco Vila\u00e7a confirmou na Austr\u00e1lia que \u00e9 uma das promessas portuguesas para os Jogos Ol\u00edmpicos de Los Angeles2028&hellip;\n","protected":false},"author":2,"featured_media":117497,"comment_status":"","ping_status":"","sticky":false,"template":"","format":"standard","meta":{"footnotes":""},"categories":[87],"tags":[135,32,33,134],"class_list":{"0":"post-117496","1":"post","2":"type-post","3":"status-publish","4":"format-standard","5":"has-post-thumbnail","7":"category-desporto","8":"tag-desporto","9":"tag-portugal","10":"tag-pt","11":"tag-sports"},"share_on_mastodon":{"url":"","error":""},"_links":{"self":[{"href":"https:\/\/www.europesays.com\/pt\/wp-json\/wp\/v2\/posts\/117496","targetHints":{"allow":["GET"]}}],"collection":[{"href":"https:\/\/www.europesays.com\/pt\/wp-json\/wp\/v2\/posts"}],"about":[{"href":"https:\/\/www.europesays.com\/pt\/wp-json\/wp\/v2\/types\/post"}],"author":[{"embeddable":true,"href":"https:\/\/www.europesays.com\/pt\/wp-json\/wp\/v2\/users\/2"}],"replies":[{"embeddable":true,"href":"https:\/\/www.europesays.com\/pt\/wp-json\/wp\/v2\/comments?post=117496"}],"version-history":[{"count":0,"href":"https:\/\/www.europesays.com\/pt\/wp-json\/wp\/v2\/posts\/117496\/revisions"}],"wp:featuredmedia":[{"embeddable":true,"href":"https:\/\/www.europesays.com\/pt\/wp-json\/wp\/v2\/media\/117497"}],"wp:attachment":[{"href":"https:\/\/www.europesays.com\/pt\/wp-json\/wp\/v2\/media?parent=117496"}],"wp:term":[{"taxonomy":"category","embeddable":true,"href":"https:\/\/www.europesays.com\/pt\/wp-json\/wp\/v2\/categories?post=117496"},{"taxonomy":"post_tag","embeddable":true,"href":"https:\/\/www.europesays.com\/pt\/wp-json\/wp\/v2\/tags?post=117496"}],"curies":[{"name":"wp","href":"https:\/\/api.w.org\/{rel}","templated":true}]}}