{"id":117504,"date":"2025-10-19T16:06:08","date_gmt":"2025-10-19T16:06:08","guid":{"rendered":"https:\/\/www.europesays.com\/pt\/117504\/"},"modified":"2025-10-19T16:06:08","modified_gmt":"2025-10-19T16:06:08","slug":"viajou-ate-a-tailandia-para-seguir-sonho-de-ser-modelo-mas-acabou-morta-e-sem-orgaos","status":"publish","type":"post","link":"https:\/\/www.europesays.com\/pt\/117504\/","title":{"rendered":"Viajou at\u00e9 \u00e0 Tail\u00e2ndia para seguir sonho de ser modelo, mas acabou morta e sem \u00f3rg\u00e3os"},"content":{"rendered":"<p>Vera Kravtsova, uma jovem bielorrussa de 26 anos, viajou at\u00e9 Banguecoque, na Tail\u00e2ndia, para perseguir o sonho de ser modelo. Assim que aterrou no aeroporto, a 12 de setembro, foi sequestrada e levada por um grupo de criminosos para Myanmar, pa\u00eds vizinho onde atuam v\u00e1rias redes de tr\u00e1fico humano.<\/p>\n<p data-remotead-prev-elm=\"true\" data-remotead-elm-id=\"inread\">Segundo a imprensa internacional, Vera, ex-participante da vers\u00e3o bielorrussa do programa &#8220;The Voice&#8221;, foi mantida em cativeiro e for\u00e7ada a ser escrava sexual. Longe de saber o desfecho, trabalhou num call center, onde foi obrigada a &#8220;extorquir dinheiro a clientes ricos&#8221;. A jovem foi morta poucas semanas depois, quando deixou de angariar os valores expectados.<\/p>\n<p>Os sequestradores exigiram 500 mil d\u00f3lares (428 mil euros) \u00e0 fam\u00edlia para recuperarem o corpo de Vera. Dias depois, foram informados de que os \u00f3rg\u00e3os da jovem tinham sido vendidos no mercado negro e que o corpo tinha sido cremado.<\/p>\n<p data-remotead-prev-elm=\"true\" data-remotead-elm-id=\"centro1\">Estimam-se que mais de 100 mil pessoas sejam escravizadas em Myanmar. As organiza\u00e7\u00f5es de tr\u00e1fico humano, normalmente compostas por gangues chineses e mil\u00edcias birmanesas, atuam na fronteira entre os dois pa\u00edses atrav\u00e9s de empresas falsas.<\/p>\n","protected":false},"excerpt":{"rendered":"Vera Kravtsova, uma jovem bielorrussa de 26 anos, viajou at\u00e9 Banguecoque, na Tail\u00e2ndia, para perseguir o sonho de&hellip;\n","protected":false},"author":2,"featured_media":117505,"comment_status":"","ping_status":"","sticky":false,"template":"","format":"standard","meta":{"footnotes":""},"categories":[50],"tags":[27,28,15,16,14,25,26,21,22,62,12,13,19,20,23,24,17,18,29,30,31,63,64,65],"class_list":{"0":"post-117504","1":"post","2":"type-post","3":"status-publish","4":"format-standard","5":"has-post-thumbnail","7":"category-mundo","8":"tag-breaking-news","9":"tag-breakingnews","10":"tag-featured-news","11":"tag-featurednews","12":"tag-headlines","13":"tag-latest-news","14":"tag-latestnews","15":"tag-main-news","16":"tag-mainnews","17":"tag-mundo","18":"tag-news","19":"tag-noticias","20":"tag-noticias-principais","21":"tag-noticiasprincipais","22":"tag-principais-noticias","23":"tag-principaisnoticias","24":"tag-top-stories","25":"tag-topstories","26":"tag-ultimas","27":"tag-ultimas-noticias","28":"tag-ultimasnoticias","29":"tag-world","30":"tag-world-news","31":"tag-worldnews"},"share_on_mastodon":{"url":"","error":""},"_links":{"self":[{"href":"https:\/\/www.europesays.com\/pt\/wp-json\/wp\/v2\/posts\/117504","targetHints":{"allow":["GET"]}}],"collection":[{"href":"https:\/\/www.europesays.com\/pt\/wp-json\/wp\/v2\/posts"}],"about":[{"href":"https:\/\/www.europesays.com\/pt\/wp-json\/wp\/v2\/types\/post"}],"author":[{"embeddable":true,"href":"https:\/\/www.europesays.com\/pt\/wp-json\/wp\/v2\/users\/2"}],"replies":[{"embeddable":true,"href":"https:\/\/www.europesays.com\/pt\/wp-json\/wp\/v2\/comments?post=117504"}],"version-history":[{"count":0,"href":"https:\/\/www.europesays.com\/pt\/wp-json\/wp\/v2\/posts\/117504\/revisions"}],"wp:featuredmedia":[{"embeddable":true,"href":"https:\/\/www.europesays.com\/pt\/wp-json\/wp\/v2\/media\/117505"}],"wp:attachment":[{"href":"https:\/\/www.europesays.com\/pt\/wp-json\/wp\/v2\/media?parent=117504"}],"wp:term":[{"taxonomy":"category","embeddable":true,"href":"https:\/\/www.europesays.com\/pt\/wp-json\/wp\/v2\/categories?post=117504"},{"taxonomy":"post_tag","embeddable":true,"href":"https:\/\/www.europesays.com\/pt\/wp-json\/wp\/v2\/tags?post=117504"}],"curies":[{"name":"wp","href":"https:\/\/api.w.org\/{rel}","templated":true}]}}