{"id":117507,"date":"2025-10-19T16:08:20","date_gmt":"2025-10-19T16:08:20","guid":{"rendered":"https:\/\/www.europesays.com\/pt\/117507\/"},"modified":"2025-10-19T16:08:20","modified_gmt":"2025-10-19T16:08:20","slug":"super-max-verstappen-esta-de-volta","status":"publish","type":"post","link":"https:\/\/www.europesays.com\/pt\/117507\/","title":{"rendered":"Super Max Verstappen est\u00e1 de volta"},"content":{"rendered":"<p>&#8211; Advertisement &#8211;<\/p>\n<p class=\"has-text-align-left\"><strong>A ANTEVIS\u00c3O: MAX VERSTAPPEN S\u00d3 PRECISOU DE UMA TENTATIVA PARA SER O MAIS R\u00c1PIDO<\/strong><\/p>\n<p>Este in\u00edcio de fim de semana para Max Verstappen \u00e9 perfeito. Depois da vit\u00f3ria na Sprint, onde os dois McLaren abandonaram, o neerland\u00eas volta a ser o mais r\u00e1pido nos Estados Unidos, a \u00faltima vez foi em 2021. Com esta pole, Verstappen iguala Ayrton Senna com 47 pole position pela mesma equipa. O piloto da Red Bull foi o mais r\u00e1pido em todas as sess\u00f5es.<\/p>\n<p>Com um tempo de 1.32:510s, Verstappen deixou Lando Norris a quase tr\u00eas d\u00e9cimas. O brit\u00e2nico volta a ficar atr\u00e1s do rival e foi mais r\u00e1pido do que Charles Leclerc, por apenas oito mil\u00e9simas. Nenhum piloto aproveitou o erro da Red Bull, que lan\u00e7ou Verstappen muito tarde para a pista e n\u00e3o teve tempo para fazer uma segunda tentativa.<\/p>\n<p>A <a href=\"https:\/\/bolanarede.pt\/especial-bola-na-rede\/atualidade\/mercedes-fecha-a-equipa-para-a-proxima-temporada-da-formula-1\/\" target=\"_blank\" rel=\"noreferrer noopener nofollow\">Mercedes ficou um pouco aqu\u00e9m da expetativa<\/a>. George Russell, depois do segundo lugar na Sprint, ficou no meio dos Ferrari e esperava-se que o terceiro lugar fosse o resultado mais plaus\u00edvel. O rookie da equipa alem\u00e3, Kimi Antonelli, foi apenas s\u00e9timo.<\/p>\n<p>O l\u00edder do campeonato, Oscar Piastri, parece meio perdido e s\u00f3 vai largar da sexta posi\u00e7\u00e3o. Mais um p\u00e9ssimo resultado para o australiano. Se n\u00e3o fizer um bom resultado na corrida, a luta pelo t\u00edtulo mundial vai aquecer. O top 10 ficou completo com Oliver Bearman, Carlos Sainz e Fernando Alonso, respetivamente.<\/p>\n<p>Correu tudo como era expect\u00e1vel na Q2. Nico Hulkerberg, que fez um grande tempo na qualifica\u00e7\u00e3o para Sprint, fez o 11.\u00ba melhor tempo. Liam Lawson parte logo atr\u00e1s do alem\u00e3o. Yuki Tsunoda, que na sexta-feira teve uma p\u00e9ssima qualifica\u00e7\u00e3o, largar\u00e1 de 13.\u00ba. O nip\u00f3nico queixou-se que foi prejudicado por um Alpine na sua \u00faltima tentativa. Os dois pilotos da marca francesa ficaram nos \u00faltimos lugares da sess\u00e3o.<\/p>\n<p>Na Q1, a grande surpresa foi o 19.\u00ba lugar de Alexander Albon. O piloto da Williams, na derradeira tentativa, ultrapassou os limites de pista na curva 15 e viu o seu tempo a ser apagado. Al\u00e9m do tailand\u00eas, ficaram pelo caminho Gabriel Bortoleto, Esteban Ocon, Lance Stroll e Isack Hadjar. O rookie da Racing Bullsnuma volta r\u00e1pida foi aos muros da curva 6 e n\u00e3o marcou qualquer tempo. Contudo, \u00e9 Stroll que vai sair do \u00faltimo lugar, devido a uma penaliza\u00e7\u00e3o na Sprint. Ap\u00f3s este despiste, a bandeira vermelha foi mostrada.<\/p>\n<p><strong>EQUIPA A TER EM CONTA<\/strong><\/p>\n<p><strong>Ferrari \u2013 <\/strong>Uma qualifica\u00e7\u00e3o muito boa para equipa de Maranello, algo que n\u00e3o \u00e9 muito comum. Apesar dos dois pilotos cometerem alguns erros nas suas voltas, conseguiram um terceiro e quinto lugar, onde o p\u00f3dio \u00e9 poss\u00edvel. Vamos ver se temos uma nova disputa entre Leclerc e Hamilton, tal como aconteceu na Sprint.<\/p>\n<p><strong>PILOTO QUE PODER\u00c1 SURPREENDER<\/strong><\/p>\n<p><strong>Max Verstappen (Red Bull) \u2013 <\/strong>J\u00e1 n\u00e3o h\u00e1 palavras para o tetracampe\u00e3o mundial. O t\u00edtulo parecia longe, mas nunca desistiu e agora s\u00e3o os McLaren que est\u00e3o mais reticentes. S\u00f3 precisou de uma volta para fazer a pole e amanh\u00e3 far\u00e1 de tudo para termos um final de temporada emocionante. Acredito que, Verstappen vence este Grande Pr\u00e9mio se sobreviver \u00e0 curva 1.<\/p>\n","protected":false},"excerpt":{"rendered":"&#8211; Advertisement &#8211; A ANTEVIS\u00c3O: MAX VERSTAPPEN S\u00d3 PRECISOU DE UMA TENTATIVA PARA SER O MAIS R\u00c1PIDO Este&hellip;\n","protected":false},"author":2,"featured_media":117508,"comment_status":"","ping_status":"","sticky":false,"template":"","format":"standard","meta":{"footnotes":""},"categories":[8],"tags":[27,28,478,15,16,2193,971,27494,14,25,26,21,22,1750,1830,12,13,19,20,32,23,24,33,17,18,29,30,31],"class_list":{"0":"post-117507","1":"post","2":"type-post","3":"status-publish","4":"format-standard","5":"has-post-thumbnail","7":"category-principais-noticias","8":"tag-breaking-news","9":"tag-breakingnews","10":"tag-destaques-bnr","11":"tag-featured-news","12":"tag-featurednews","13":"tag-ferrari","14":"tag-formula-1","15":"tag-gp-estados-unidos","16":"tag-headlines","17":"tag-latest-news","18":"tag-latestnews","19":"tag-main-news","20":"tag-mainnews","21":"tag-max-verstappen","22":"tag-modalidades","23":"tag-news","24":"tag-noticias","25":"tag-noticias-principais","26":"tag-noticiasprincipais","27":"tag-portugal","28":"tag-principais-noticias","29":"tag-principaisnoticias","30":"tag-pt","31":"tag-top-stories","32":"tag-topstories","33":"tag-ultimas","34":"tag-ultimas-noticias","35":"tag-ultimasnoticias"},"share_on_mastodon":{"url":"","error":""},"_links":{"self":[{"href":"https:\/\/www.europesays.com\/pt\/wp-json\/wp\/v2\/posts\/117507","targetHints":{"allow":["GET"]}}],"collection":[{"href":"https:\/\/www.europesays.com\/pt\/wp-json\/wp\/v2\/posts"}],"about":[{"href":"https:\/\/www.europesays.com\/pt\/wp-json\/wp\/v2\/types\/post"}],"author":[{"embeddable":true,"href":"https:\/\/www.europesays.com\/pt\/wp-json\/wp\/v2\/users\/2"}],"replies":[{"embeddable":true,"href":"https:\/\/www.europesays.com\/pt\/wp-json\/wp\/v2\/comments?post=117507"}],"version-history":[{"count":0,"href":"https:\/\/www.europesays.com\/pt\/wp-json\/wp\/v2\/posts\/117507\/revisions"}],"wp:featuredmedia":[{"embeddable":true,"href":"https:\/\/www.europesays.com\/pt\/wp-json\/wp\/v2\/media\/117508"}],"wp:attachment":[{"href":"https:\/\/www.europesays.com\/pt\/wp-json\/wp\/v2\/media?parent=117507"}],"wp:term":[{"taxonomy":"category","embeddable":true,"href":"https:\/\/www.europesays.com\/pt\/wp-json\/wp\/v2\/categories?post=117507"},{"taxonomy":"post_tag","embeddable":true,"href":"https:\/\/www.europesays.com\/pt\/wp-json\/wp\/v2\/tags?post=117507"}],"curies":[{"name":"wp","href":"https:\/\/api.w.org\/{rel}","templated":true}]}}