{"id":117509,"date":"2025-10-19T16:09:15","date_gmt":"2025-10-19T16:09:15","guid":{"rendered":"https:\/\/www.europesays.com\/pt\/117509\/"},"modified":"2025-10-19T16:09:15","modified_gmt":"2025-10-19T16:09:15","slug":"juliana-schalch-agradece-empenho-da-equipe-de-o-senhor-e-a-serva-orgulhosa-record","status":"publish","type":"post","link":"https:\/\/www.europesays.com\/pt\/117509\/","title":{"rendered":"Juliana Schalch agradece empenho da equipe de O Senhor e a Serva: \u2018Orgulhosa\u2019 \u2013 Record"},"content":{"rendered":"<p><img decoding=\"async\" data-chromatic=\"ignore\" alt=\"\" class=\"c-image\" loading=\"lazy\" src=\"https:\/\/www.europesays.com\/pt\/wp-content\/uploads\/2025\/10\/BN3CV3IOIZB4RMLTN3765WUHUU.png\"  width=\"677\" height=\"369\"\/>Juliana Schalch agradece empenho da equipe de O Senhor e a Serva Reprodu\u00e7\u00e3o\/Instagram <\/p>\n<p class=\"jarvics:base-text-neutral-high-400 base-text-[calc(theme(fontSize.xs)_*_var(--font-size,_1))] base-font-normal base-font-primary base-text-neutral-low-500 base-text-left\">Juliana Schalch interpreta Val\u00e9ria em <a href=\"https:\/\/record.r7.com\/o-senhor-e-a-serva\/\" rel=\"nofollow noopener\" title=\"https:\/\/record.r7.com\/o-senhor-e-a-serva\/\" target=\"_blank\"><b>O Senhor e a Serva<\/b><\/a>, irm\u00e3 de Caius (Dudu Pelizzari). A atriz compartilhou fotos da personagem nas redes sociais e fez um agradecimento ao empenho da equipe na miniss\u00e9rie da <b>RECORD<\/b>.<\/p>\n<p class=\"jarvics:base-text-neutral-high-400 base-text-[calc(theme(fontSize.xs)_*_var(--font-size,_1))] base-font-normal base-font-primary base-text-neutral-low-500 base-text-left\">Orgulhosa, a artista n\u00e3o poupou elogios \u00e0 produ\u00e7\u00e3o e aos colegas. \u201cQuero agradecer imensamente a todos os envolvidos! Foi lindo demais todo o percurso e est\u00e1 tudo registrado na tela! Apaixonante!\u201c, escreveu.<\/p>\n<p class=\"jarvics:base-text-neutral-high-400 base-text-[calc(theme(fontSize.xs)_*_var(--font-size,_1))] base-font-normal base-font-primary base-text-neutral-low-500 base-text-left\"><b>Confira: <\/b><\/p>\n<p class=\"jarvics:base-text-neutral-high-400 base-text-[calc(theme(fontSize.xs)_*_var(--font-size,_1))] base-font-normal base-font-primary base-text-neutral-low-500 base-text-left\">Acompanhe <a href=\"https:\/\/record.r7.com\/o-senhor-e-a-serva\/\" rel=\"nofollow noopener\" title=\"https:\/\/record.r7.com\/o-senhor-e-a-serva\/\" target=\"_blank\"><b>O Senhor e a Serva<\/b><\/a> de segunda a sexta, \u00e0s 21h, na tela da <a href=\"https:\/\/record.r7.com\/\" rel=\"nofollow noopener\" title=\"https:\/\/record.r7.com\/\" target=\"_blank\"><b>RECORD<\/b><\/a>. Acesse o <a href=\"https:\/\/descubra.recordplus.com\/\" rel=\"nofollow noopener\" title=\"https:\/\/descubra.recordplus.com\/\" target=\"_blank\"><b>RecordPlus<\/b><\/a> para rever os epis\u00f3dios.<\/p>\n<p>Elenco da miniss\u00e9rie grava cenas do spin-off em MG:<\/p>\n<p class=\"jarvics:base-text-neutral-high-400 base-text-[calc(theme(fontSize.sm)_*_var(--font-size,_1))] base-font-semibold base-font-primary base-text-neutral-low-500 base-text-left\">Por Ana Mello, do site oficial<\/p>\n<p class=\"jarvics:base-text-neutral-high-400 base-text-[calc(theme(fontSize.xxs)_*_var(--font-size,_1))] base-font-semibold base-font-primary base-text-neutral-low-500 base-text-left\">O elenco de O Senhor e a Serva iniciou a fase de grava\u00e7\u00f5es externas em grande estilo. A equipe viajou at\u00e9 Po\u00e7os de Caldas, em Minas Gerais, para filmar cenas da miniss\u00e9rie em uma bela fazenda de oliveiras e caf\u00e9. Confira a seguir como foi a experi\u00eancia!<\/p>\n<p class=\"jarvics:base-text-neutral-high-400 base-text-[calc(theme(fontSize.little)_*_var(--font-size,_1))] base-font-normal base-font-primary base-text-neutral-low-500 base-text-left\">R7<\/p>\n","protected":false},"excerpt":{"rendered":"Juliana Schalch agradece empenho da equipe de O Senhor e a Serva Reprodu\u00e7\u00e3o\/Instagram Juliana Schalch interpreta Val\u00e9ria em&hellip;\n","protected":false},"author":2,"featured_media":117510,"comment_status":"","ping_status":"","sticky":false,"template":"","format":"standard","meta":{"footnotes":""},"categories":[145],"tags":[211,210,114,115,1172,18058,32,33],"class_list":{"0":"post-117509","1":"post","2":"type-post","3":"status-publish","4":"format-standard","5":"has-post-thumbnail","7":"category-celebridades","8":"tag-celebridades","9":"tag-celebrities","10":"tag-entertainment","11":"tag-entretenimento","12":"tag-minisserie","13":"tag-o-senhor-e-a-serva","14":"tag-portugal","15":"tag-pt"},"share_on_mastodon":{"url":"","error":""},"_links":{"self":[{"href":"https:\/\/www.europesays.com\/pt\/wp-json\/wp\/v2\/posts\/117509","targetHints":{"allow":["GET"]}}],"collection":[{"href":"https:\/\/www.europesays.com\/pt\/wp-json\/wp\/v2\/posts"}],"about":[{"href":"https:\/\/www.europesays.com\/pt\/wp-json\/wp\/v2\/types\/post"}],"author":[{"embeddable":true,"href":"https:\/\/www.europesays.com\/pt\/wp-json\/wp\/v2\/users\/2"}],"replies":[{"embeddable":true,"href":"https:\/\/www.europesays.com\/pt\/wp-json\/wp\/v2\/comments?post=117509"}],"version-history":[{"count":0,"href":"https:\/\/www.europesays.com\/pt\/wp-json\/wp\/v2\/posts\/117509\/revisions"}],"wp:featuredmedia":[{"embeddable":true,"href":"https:\/\/www.europesays.com\/pt\/wp-json\/wp\/v2\/media\/117510"}],"wp:attachment":[{"href":"https:\/\/www.europesays.com\/pt\/wp-json\/wp\/v2\/media?parent=117509"}],"wp:term":[{"taxonomy":"category","embeddable":true,"href":"https:\/\/www.europesays.com\/pt\/wp-json\/wp\/v2\/categories?post=117509"},{"taxonomy":"post_tag","embeddable":true,"href":"https:\/\/www.europesays.com\/pt\/wp-json\/wp\/v2\/tags?post=117509"}],"curies":[{"name":"wp","href":"https:\/\/api.w.org\/{rel}","templated":true}]}}