{"id":117511,"date":"2025-10-19T16:10:10","date_gmt":"2025-10-19T16:10:10","guid":{"rendered":"https:\/\/www.europesays.com\/pt\/117511\/"},"modified":"2025-10-19T16:10:10","modified_gmt":"2025-10-19T16:10:10","slug":"o-novo-luxo-pertencimento-bem-estar-e-arquitetura-com-alma-day-off","status":"publish","type":"post","link":"https:\/\/www.europesays.com\/pt\/117511\/","title":{"rendered":"O novo luxo: pertencimento, bem-estar e arquitetura com alma | Day Off"},"content":{"rendered":"\n<p class=\" content-text__container \" data-track-category=\"Link no Texto\" data-track-links=\"\"> A inova\u00e7\u00e3o no mercado imobili\u00e1rio, portanto, n\u00e3o est\u00e1 apenas na tecnologia embarcada ou nas metas de ESG, mas tamb\u00e9m no campo das ideias. Assim como no passado artistas e arquitetos como Niemeyer, Burle Marx e Athos Bulc\u00e3o ajudaram a moldar a identidade das cidades brasileiras, hoje a arquitetura de alto padr\u00e3o volta a buscar prop\u00f3sito e autoria \u2014 e, com isso, recupera o poder de emocionar. <\/p>\n","protected":false},"excerpt":{"rendered":"A inova\u00e7\u00e3o no mercado imobili\u00e1rio, portanto, n\u00e3o est\u00e1 apenas na tecnologia embarcada ou nas metas de ESG, mas&hellip;\n","protected":false},"author":2,"featured_media":117512,"comment_status":"","ping_status":"","sticky":false,"template":"","format":"standard","meta":{"footnotes":""},"categories":[144],"tags":[207,205,206,203,201,202,204,114,115,32,33],"class_list":{"0":"post-117511","1":"post","2":"type-post","3":"status-publish","4":"format-standard","5":"has-post-thumbnail","7":"category-arte-e-design","8":"tag-arte","9":"tag-arte-e-design","10":"tag-artedesign","11":"tag-arts","12":"tag-arts-and-design","13":"tag-artsanddesign","14":"tag-design","15":"tag-entertainment","16":"tag-entretenimento","17":"tag-portugal","18":"tag-pt"},"share_on_mastodon":{"url":"","error":""},"_links":{"self":[{"href":"https:\/\/www.europesays.com\/pt\/wp-json\/wp\/v2\/posts\/117511","targetHints":{"allow":["GET"]}}],"collection":[{"href":"https:\/\/www.europesays.com\/pt\/wp-json\/wp\/v2\/posts"}],"about":[{"href":"https:\/\/www.europesays.com\/pt\/wp-json\/wp\/v2\/types\/post"}],"author":[{"embeddable":true,"href":"https:\/\/www.europesays.com\/pt\/wp-json\/wp\/v2\/users\/2"}],"replies":[{"embeddable":true,"href":"https:\/\/www.europesays.com\/pt\/wp-json\/wp\/v2\/comments?post=117511"}],"version-history":[{"count":0,"href":"https:\/\/www.europesays.com\/pt\/wp-json\/wp\/v2\/posts\/117511\/revisions"}],"wp:featuredmedia":[{"embeddable":true,"href":"https:\/\/www.europesays.com\/pt\/wp-json\/wp\/v2\/media\/117512"}],"wp:attachment":[{"href":"https:\/\/www.europesays.com\/pt\/wp-json\/wp\/v2\/media?parent=117511"}],"wp:term":[{"taxonomy":"category","embeddable":true,"href":"https:\/\/www.europesays.com\/pt\/wp-json\/wp\/v2\/categories?post=117511"},{"taxonomy":"post_tag","embeddable":true,"href":"https:\/\/www.europesays.com\/pt\/wp-json\/wp\/v2\/tags?post=117511"}],"curies":[{"name":"wp","href":"https:\/\/api.w.org\/{rel}","templated":true}]}}