{"id":117517,"date":"2025-10-19T16:15:18","date_gmt":"2025-10-19T16:15:18","guid":{"rendered":"https:\/\/www.europesays.com\/pt\/117517\/"},"modified":"2025-10-19T16:15:18","modified_gmt":"2025-10-19T16:15:18","slug":"dani-sordo-e-kris-meeke-20-anos-depois-08-segundos-chegaram-para-a-historia-se-repetir","status":"publish","type":"post","link":"https:\/\/www.europesays.com\/pt\/117517\/","title":{"rendered":"Dani Sordo e Kris Meeke: 20 anos depois, 0,8 segundos chegaram para a hist\u00f3ria se repetir"},"content":{"rendered":"<p>Vinte anos depois de se baterem-se pelo t\u00edtulo do J\u00fanior WRC, Dani Sordo e Kris Meeke voltaram a protagonizar um duelo memor\u00e1vel, desta vez no Campeonato de Portugal de Ralis. Agora veterano, e depois de muitos anos de ralis ao mais alto n\u00edvel, os dois amigos partilharam no Campeonato de Portugal de Ralis um ano de coexist\u00eancia competitiva, refor\u00e7aram a amizade, e tamb\u00e9m as velhas lutas. Mas tal como em 2005, foi o espanhol a levar a melhor, conquistando o t\u00edtulo na \u00faltima prova da \u00e9poca num desfecho dram\u00e1tico por escassos 0,8 segundos.<\/p>\n<p><img loading=\"lazy\" decoding=\"async\" width=\"1500\" height=\"1000\" data-lazy-type=\"image\" src=\"https:\/\/www.europesays.com\/pt\/wp-content\/uploads\/2025\/10\/sordo-meeke-cpr-2025-2.jpg\" alt=\"\" class=\"lazy lazy-hidden wp-image-731391\"\/><\/p>\n<p>Ao vencer o Rallye Vidreiro Centro de Portugal, oitava e decisiva prova do CPR, a dupla Dani Sordo e C\u00e1ndido Carrera, ao volante do Hyundai i20 N Rally2, sagrou-se campe\u00e3 ap\u00f3s um duelo impr\u00f3prio para card\u00edacos travado com Kris Meeke (Toyota GR Yaris Rally2). Entre ambos, quem terminasse o rali na frente conquistaria o t\u00edtulo, e o espanhol levou a melhor face ao brit\u00e2nico, ainda que por uma \u201cunha negra\u201d\u2026<\/p>\n<p><img loading=\"lazy\" decoding=\"async\" width=\"1080\" height=\"543\" data-lazy-type=\"image\" src=\"https:\/\/www.europesays.com\/pt\/wp-content\/uploads\/2025\/10\/sordo-meeke-1.jpg\" alt=\"\" class=\"lazy lazy-hidden wp-image-731392\"\/><\/p>\n<p><strong>Uma rivalidade nascida h\u00e1 duas d\u00e9cadas<\/strong><\/p>\n<p>Em 2005, foi Sordo quem triunfou. Venceu o J\u00fanior WRC e conquistou um lugar na Citro\u00ebn ao lado de S\u00e9bastien Loeb no Mundial de Ralis. Meeke ficou pelo caminho nessa disputa inicial, mas ambos acabariam por partilhar anos de batalhas no WRC, tornando-se grandes amigos e rivais.<\/p>\n<p>Duas d\u00e9cadas depois, sem contratos de f\u00e1brica em jogo mas com orgulho e amizade em causa, os dois ex-pilotos oficiais do Mundial voltaram a medir for\u00e7as, desta vez no campeonato portugu\u00eas. Meeke sonhava com a vingan\u00e7a, mas esta nunca chegou.<\/p>\n<p>Durante grande parte da \u00e9poca, o brit\u00e2nico e o seu Toyota GR Yaris Rally2 pareceram uma combina\u00e7\u00e3o invenc\u00edvel. Contudo, num desenlace em que o vencedor levaria tudo, foi Sordo e o Hyundai i20 N Rally2 quem prevaleceu.<\/p>\n<p><img loading=\"lazy\" decoding=\"async\" width=\"1500\" height=\"1000\" data-lazy-type=\"image\" src=\"https:\/\/www.europesays.com\/pt\/wp-content\/uploads\/2025\/10\/sordo-cpr-2025-1.jpg\" alt=\"\" class=\"lazy lazy-hidden wp-image-731393\"\/><\/p>\n<p><strong>Batalha ao mil\u00e9simo at\u00e9 \u00e0 derradeira classificativa<\/strong><\/p>\n<p>O Rallye Vidreiro ter\u00e1 sido uma das provas mais competitivas da hist\u00f3ria do CPR. Sordo assumiu a lideran\u00e7a logo na primeira classificativa e manteve-a at\u00e9 ao final, embora a vantagem tenha chegado a ser de apenas 0,6 segundos. Essa foi exatamente a margem com que o espanhol partiu para a derradeira especial de 11,1 km, onde foi mais r\u00e1pido que Meeke por apenas 0,2 segundos, selando a conquista do t\u00edtulo.<\/p>\n<p>\u201cFoi um fim de semana incr\u00edvel\u201d, afirmou Sordo. \u201cFoi brutal. Durante todo o rali, a maior diferen\u00e7a entre n\u00f3s foi de 3,7 segundos (ndr, logo na primeira especial da prova). Antes da \u00faltima especial, seis d\u00e9cimos separavam-nos, entre vencer e perder. A verdade \u00e9 que foi fant\u00e1stico. Consegui vencer o rali e o campeonato por 0.8s e estou extremamente feliz, foi um ano complicado em muitos aspetos e isto d\u00e1-me uma inje\u00e7\u00e3o de moral. Quero dedicar este t\u00edtulo a todos os que me apoiaram e estiveram sempre comigo, fam\u00edlia, amigos e equipa.\u201d<\/p>\n<p>Meeke, elegante na derrota, comentou: \u201cNunca poderia ficar desiludido quando damos tudo. O Dani\u2026 andamos a lutar h\u00e1 20 anos. Queria ganhar, porque h\u00e1 20 anos ele venceu-me no J\u00fanior WRC, tentei, dei tudo o que tinha. Lutar desta forma com um campeonato a decidir-se na \u00faltima classificativa por 0.8s \u00e9 um prazer fazer parte disto. N\u00e3o sinto tristeza por perder, foi um prazer o ano inteiro. O Dani merece, estou muito feliz por ele.\u201d<\/p>\n<p>O norte-irland\u00eas venceu quatro ralis contra tr\u00eas de Sordo, mas dois abandonos, face a apenas um do espanhol, acabaram por ser determinantes. Ainda assim, o navegador Stuart Loudon conquistou o t\u00edtulo de copilotos, j\u00e1 que C\u00e1ndido Carrera falhou o Rali Terras d\u2019Aboboreira, prova em que Sordo foi segundo ao lado de Patricia Saiz Ruiloba.<\/p>\n<p>O Rallye Vidreiro encerrou assim uma das \u00e9pocas mais emocionantes do CPR, com uma rivalidade hist\u00f3rica a renascer e Sordo a provar, uma vez mais, que nos momentos decisivos sabe estar \u00e0 altura.<\/p>\n","protected":false},"excerpt":{"rendered":"Vinte anos depois de se baterem-se pelo t\u00edtulo do J\u00fanior WRC, Dani Sordo e Kris Meeke voltaram a&hellip;\n","protected":false},"author":2,"featured_media":117518,"comment_status":"","ping_status":"","sticky":false,"template":"","format":"standard","meta":{"footnotes":""},"categories":[87],"tags":[20462,20512,135,1162,20463,718,32,33,5278,134],"class_list":{"0":"post-117517","1":"post","2":"type-post","3":"status-publish","4":"format-standard","5":"has-post-thumbnail","7":"category-desporto","8":"tag-cpr","9":"tag-dani-sordo","10":"tag-desporto","11":"tag-destaque-homepage","12":"tag-kris-meeke","13":"tag-newsletter","14":"tag-portugal","15":"tag-pt","16":"tag-ralis","17":"tag-sports"},"share_on_mastodon":{"url":"","error":""},"_links":{"self":[{"href":"https:\/\/www.europesays.com\/pt\/wp-json\/wp\/v2\/posts\/117517","targetHints":{"allow":["GET"]}}],"collection":[{"href":"https:\/\/www.europesays.com\/pt\/wp-json\/wp\/v2\/posts"}],"about":[{"href":"https:\/\/www.europesays.com\/pt\/wp-json\/wp\/v2\/types\/post"}],"author":[{"embeddable":true,"href":"https:\/\/www.europesays.com\/pt\/wp-json\/wp\/v2\/users\/2"}],"replies":[{"embeddable":true,"href":"https:\/\/www.europesays.com\/pt\/wp-json\/wp\/v2\/comments?post=117517"}],"version-history":[{"count":0,"href":"https:\/\/www.europesays.com\/pt\/wp-json\/wp\/v2\/posts\/117517\/revisions"}],"wp:featuredmedia":[{"embeddable":true,"href":"https:\/\/www.europesays.com\/pt\/wp-json\/wp\/v2\/media\/117518"}],"wp:attachment":[{"href":"https:\/\/www.europesays.com\/pt\/wp-json\/wp\/v2\/media?parent=117517"}],"wp:term":[{"taxonomy":"category","embeddable":true,"href":"https:\/\/www.europesays.com\/pt\/wp-json\/wp\/v2\/categories?post=117517"},{"taxonomy":"post_tag","embeddable":true,"href":"https:\/\/www.europesays.com\/pt\/wp-json\/wp\/v2\/tags?post=117517"}],"curies":[{"name":"wp","href":"https:\/\/api.w.org\/{rel}","templated":true}]}}