{"id":117521,"date":"2025-10-19T16:17:34","date_gmt":"2025-10-19T16:17:34","guid":{"rendered":"https:\/\/www.europesays.com\/pt\/117521\/"},"modified":"2025-10-19T16:17:34","modified_gmt":"2025-10-19T16:17:34","slug":"acorda-nao-fales-com-voz-de-carneiro-mal-morto","status":"publish","type":"post","link":"https:\/\/www.europesays.com\/pt\/117521\/","title":{"rendered":"\u2018Acorda! N\u00e3o fales com voz de carneiro mal morto\u2019"},"content":{"rendered":"<p>  <img width=\"780\" height=\"470\" src=\"https:\/\/www.europesays.com\/pt\/wp-content\/uploads\/2025\/10\/liliana-ss-adriano-silva-martins--780x470.jpg\" alt=\"In\u00eas Morais perde a paci\u00eancia com F\u00e1bio: \u2018Acorda! N\u00e3o fales com voz de carneiro mal morto\u2019\" data-main-img=\"1\" decoding=\"async\" fetchpriority=\"high\"\/>   In\u00eas Morais perde a paci\u00eancia com F\u00e1bio: \u2018Acorda! N\u00e3o fales com voz de carneiro mal morto\u2019No di\u00e1rio da <a href=\"https:\/\/dioguinho.com\/category\/casa-dos-segredos\/\" rel=\"nofollow noopener\" target=\"_blank\">Casa dos Segredos<\/a>, passaram imagens do F\u00e1bio com um tom monoc\u00f3rdico, mas enervado com o Dylan e com uma boca que atirou \u00e0 sua amada, Liliana.<\/p>\n<p>A jovem de Viseu, sem papas na l\u00edngua disse, \u201cHomem, para j\u00e1 apetece-me chegar l\u00e1, agarrar-lhe naqueles ombros e agit\u00e1-lo. Acorda! Se est\u00e1s-te incomodado com alguma coisa e se queres defender a pessoa que tens ao lado e que gostas ou que quer que seja que voc\u00eas t\u00eam para a\u00ed, aproveita o momento e fala. <strong>N\u00e3o vais para o confession\u00e1rio com essa voz de carneiro mal morto a dizer que est\u00e1s muito enervado, quase \u00e0 beira de uma expuls\u00e3o, que n\u00e3o podias ter perdido a cabe\u00e7a.<\/strong> N\u00e3o, eu tinha zero medo de ti se me viesses falar com esses olhinhos mansos.\u201d<\/p>\n<p>Adriano Silva Martins, ficou admirado com a an\u00e1lise de In\u00eas, a quem carinhosamente chama de sobrinha, \u201c\u00c9 um sonho de sobrinha\u201d e continua, <strong>\u201ca verdade \u00e9 que n\u00f3s ouvimos o F\u00e1bio no confession\u00e1rio com este tom de voz dizer que est\u00e1 muito irritado, que est\u00e1 muito zangado e \u00e9 muito pouco cred\u00edvel. O que \u00e9 verdade \u00e9 que o F\u00e1bio n\u00e3o nos tem dado muito fora do que \u00e9 a hist\u00f3ria.\u201d<\/strong><\/p>\n<p>E continua, \u201cN\u00e3o nos tem dado nada fora do que \u00e9 a hist\u00f3ria da Liliana. E ele vai ali e senta-se para falar de quem? Da Liliana, mas de algo que ele nem sequer fez. Porque ele podia ser o Romeu do Porto, eu acho que ele \u00e9 do Porto, e defender a sua amada Julieta, mas nem sequer chegou a isso, ou vai ao confession\u00e1rio e diz que se teve quase para se passar, mas n\u00e3o se passou (\u2026) Mas \u00e9 verdade, com aquele tom de voz, como \u00e9 que uma pessoa se pode passar?\u201d<\/p>\n<blockquote class=\"wp-embedded-content\" data-secret=\"8Ewmu4AAQq\">\n<p><a href=\"https:\/\/dioguinho.com\/liliana-ve-conspiracoes-ate-nas-bolhas-do-jacuzzi-adriano-silva-martins-perde-a-paciencia\/\" rel=\"nofollow noopener\" target=\"_blank\">Liliana v\u00ea conspira\u00e7\u00f5es at\u00e9 nas bolhas do jacuzzi! Adriano Silva Martins perde a paci\u00eancia<\/a><\/p>\n<\/blockquote>\n","protected":false},"excerpt":{"rendered":"In\u00eas Morais perde a paci\u00eancia com F\u00e1bio: \u2018Acorda! N\u00e3o fales com voz de carneiro mal morto\u2019No di\u00e1rio da&hellip;\n","protected":false},"author":2,"featured_media":117522,"comment_status":"","ping_status":"","sticky":false,"template":"","format":"standard","meta":{"footnotes":""},"categories":[85],"tags":[2632,13471,20079,114,115,32,33,1315],"class_list":{"0":"post-117521","1":"post","2":"type-post","3":"status-publish","4":"format-standard","5":"has-post-thumbnail","7":"category-entretenimento","8":"tag-casa-dos-segredos","9":"tag-casa-dos-segredos-9","10":"tag-concorrentes-casa-dos-segredos","11":"tag-entertainment","12":"tag-entretenimento","13":"tag-portugal","14":"tag-pt","15":"tag-secret-story"},"share_on_mastodon":{"url":"","error":""},"_links":{"self":[{"href":"https:\/\/www.europesays.com\/pt\/wp-json\/wp\/v2\/posts\/117521","targetHints":{"allow":["GET"]}}],"collection":[{"href":"https:\/\/www.europesays.com\/pt\/wp-json\/wp\/v2\/posts"}],"about":[{"href":"https:\/\/www.europesays.com\/pt\/wp-json\/wp\/v2\/types\/post"}],"author":[{"embeddable":true,"href":"https:\/\/www.europesays.com\/pt\/wp-json\/wp\/v2\/users\/2"}],"replies":[{"embeddable":true,"href":"https:\/\/www.europesays.com\/pt\/wp-json\/wp\/v2\/comments?post=117521"}],"version-history":[{"count":0,"href":"https:\/\/www.europesays.com\/pt\/wp-json\/wp\/v2\/posts\/117521\/revisions"}],"wp:featuredmedia":[{"embeddable":true,"href":"https:\/\/www.europesays.com\/pt\/wp-json\/wp\/v2\/media\/117522"}],"wp:attachment":[{"href":"https:\/\/www.europesays.com\/pt\/wp-json\/wp\/v2\/media?parent=117521"}],"wp:term":[{"taxonomy":"category","embeddable":true,"href":"https:\/\/www.europesays.com\/pt\/wp-json\/wp\/v2\/categories?post=117521"},{"taxonomy":"post_tag","embeddable":true,"href":"https:\/\/www.europesays.com\/pt\/wp-json\/wp\/v2\/tags?post=117521"}],"curies":[{"name":"wp","href":"https:\/\/api.w.org\/{rel}","templated":true}]}}