{"id":117525,"date":"2025-10-19T16:20:17","date_gmt":"2025-10-19T16:20:17","guid":{"rendered":"https:\/\/www.europesays.com\/pt\/117525\/"},"modified":"2025-10-19T16:20:17","modified_gmt":"2025-10-19T16:20:17","slug":"tpi-rejeita-recurso-israelita-contra-decisao-anterior-que-confirmava-mandados-de-captura-contra-netanyahu","status":"publish","type":"post","link":"https:\/\/www.europesays.com\/pt\/117525\/","title":{"rendered":"TPI rejeita recurso israelita contra decis\u00e3o anterior que confirmava mandados de captura contra Netanyahu"},"content":{"rendered":"<p>O Tribunal Penal Internacional (TPI) rejeitou hoje o pedido de recurso apresentado por Israel contra uma decis\u00e3o anterior que confirmava os mandados de captura emitidos contra o Primeiro-Ministro israelita, Benjamin Netanyahu, e o antigo Ministro da Defesa, Yoav Gallant.<\/p>\n<p class=\"text-paragraph\">Numa decis\u00e3o que foi capa na imprensa internacional, o TPI considerou, em novembro, que existiam \u201cmotivos razo\u00e1veis\u201d para acreditar que Netanyahu e Gallant tinham \u201cresponsabilidade penal\u201d por alegados crimes de guerra e crimes contra a humanidade relacionados com o conflito em Gaza.<\/p>\n<p class=\"text-paragraph\">Estes mandados de captura provocaram indigna\u00e7\u00e3o em Israel e nos Estados Unidos, que desde ent\u00e3o impuseram san\u00e7\u00f5es a altos respons\u00e1veis do TPI.<\/p>\n<p class=\"text-paragraph\">Benjamin Netanyahu qualificou esta decis\u00e3o como \u201cantissemita\u201d e o Presidente americano Joe Biden considerou-a \u201cescandalosa\u201d.<\/p>\n<p class=\"text-paragraph\">Em maio, Israel tinha solicitado ao TPI que rejeitasse estes mandados, enquanto este analisava outro recurso que visa determinar se \u00e9 competente neste caso.<\/p>\n<p class=\"text-paragraph\">O Tribunal rejeitou este pedido a 16 de julho, considerando que n\u00e3o existia \u201cnenhuma base jur\u00eddica\u201d para anular os mandados de deten\u00e7\u00e3o enquanto a quest\u00e3o da compet\u00eancia n\u00e3o tivesse sido resolvida.<\/p>\n<p class=\"text-paragraph\">Uma semana depois, Israel pediu autoriza\u00e7\u00e3o para recorrer desta decis\u00e3o, mas os ju\u00edzes decidiram hoje que \u201ca quest\u00e3o, tal como formulada por Israel, n\u00e3o \u00e9 suscet\u00edvel de recurso\u201d.<\/p>\n<p class=\"text-paragraph\">\u201cA C\u00e2mara rejeita, portanto, o pedido\u201d, declarou o CPI numa decis\u00e3o complexa de treze p\u00e1ginas.<\/p>\n","protected":false},"excerpt":{"rendered":"O Tribunal Penal Internacional (TPI) rejeitou hoje o pedido de recurso apresentado por Israel contra uma decis\u00e3o anterior&hellip;\n","protected":false},"author":2,"featured_media":83811,"comment_status":"","ping_status":"","sticky":false,"template":"","format":"standard","meta":{"footnotes":""},"categories":[50],"tags":[27,28,15,16,14,25,26,21,22,62,12,13,19,20,23,24,17,18,29,30,31,63,64,65],"class_list":{"0":"post-117525","1":"post","2":"type-post","3":"status-publish","4":"format-standard","5":"has-post-thumbnail","7":"category-mundo","8":"tag-breaking-news","9":"tag-breakingnews","10":"tag-featured-news","11":"tag-featurednews","12":"tag-headlines","13":"tag-latest-news","14":"tag-latestnews","15":"tag-main-news","16":"tag-mainnews","17":"tag-mundo","18":"tag-news","19":"tag-noticias","20":"tag-noticias-principais","21":"tag-noticiasprincipais","22":"tag-principais-noticias","23":"tag-principaisnoticias","24":"tag-top-stories","25":"tag-topstories","26":"tag-ultimas","27":"tag-ultimas-noticias","28":"tag-ultimasnoticias","29":"tag-world","30":"tag-world-news","31":"tag-worldnews"},"share_on_mastodon":{"url":"","error":""},"_links":{"self":[{"href":"https:\/\/www.europesays.com\/pt\/wp-json\/wp\/v2\/posts\/117525","targetHints":{"allow":["GET"]}}],"collection":[{"href":"https:\/\/www.europesays.com\/pt\/wp-json\/wp\/v2\/posts"}],"about":[{"href":"https:\/\/www.europesays.com\/pt\/wp-json\/wp\/v2\/types\/post"}],"author":[{"embeddable":true,"href":"https:\/\/www.europesays.com\/pt\/wp-json\/wp\/v2\/users\/2"}],"replies":[{"embeddable":true,"href":"https:\/\/www.europesays.com\/pt\/wp-json\/wp\/v2\/comments?post=117525"}],"version-history":[{"count":0,"href":"https:\/\/www.europesays.com\/pt\/wp-json\/wp\/v2\/posts\/117525\/revisions"}],"wp:featuredmedia":[{"embeddable":true,"href":"https:\/\/www.europesays.com\/pt\/wp-json\/wp\/v2\/media\/83811"}],"wp:attachment":[{"href":"https:\/\/www.europesays.com\/pt\/wp-json\/wp\/v2\/media?parent=117525"}],"wp:term":[{"taxonomy":"category","embeddable":true,"href":"https:\/\/www.europesays.com\/pt\/wp-json\/wp\/v2\/categories?post=117525"},{"taxonomy":"post_tag","embeddable":true,"href":"https:\/\/www.europesays.com\/pt\/wp-json\/wp\/v2\/tags?post=117525"}],"curies":[{"name":"wp","href":"https:\/\/api.w.org\/{rel}","templated":true}]}}