{"id":117537,"date":"2025-10-19T16:29:15","date_gmt":"2025-10-19T16:29:15","guid":{"rendered":"https:\/\/www.europesays.com\/pt\/117537\/"},"modified":"2025-10-19T16:29:15","modified_gmt":"2025-10-19T16:29:15","slug":"raul-fernandez-estreia-se-a-vencer-no-motogp-miguel-oliveira-sobe-na-geral-2","status":"publish","type":"post","link":"https:\/\/www.europesays.com\/pt\/117537\/","title":{"rendered":"Raul Fernandez estreia-se a vencer no MotoGP, Miguel Oliveira sobe na geral"},"content":{"rendered":"<p>O piloto espanhol Raul Fernandez (Trackhouse\/Aprilia) estreou-se a vencer no MotoGP ao conquistar o GP da Austr\u00e1lia, tamb\u00e9m primeira vit\u00f3ria para a sua equipa. Miguel Oliveira (Yamaha), que partiu de 15.\u00ba, foi 12.\u00ba classificado e subiu uma posi\u00e7\u00e3o, para o 20.\u00ba posto, com 36 pontos, dois \u00e0 frente de Jorge Martin.<\/p>\n<p>Fernandez, que era o companheiro de equipa de Oliveira no ano passado, ficou 1,418 segundos \u00e0 frente de\u00a0Fabio DiGiannantonio (Ducati) e Marco Bezzecchi (Aprilia), numa corrida que come\u00e7ou uma hora mais tarde devido \u00e0 amea\u00e7a de ventos fortes, e teve  Bezzecchi  como primeiro dominador. <\/p>\n<p>Bezzecchi ascendeu ao terceiro lugar do campeonato, ultrapassando o italiano Francesco Bagnaia (Ducati), que caiu em mais um fim de semana para esquecer.<\/p>\n","protected":false},"excerpt":{"rendered":"O piloto espanhol Raul Fernandez (Trackhouse\/Aprilia) estreou-se a vencer no MotoGP ao conquistar o GP da Austr\u00e1lia, tamb\u00e9m&hellip;\n","protected":false},"author":2,"featured_media":117538,"comment_status":"","ping_status":"","sticky":false,"template":"","format":"standard","meta":{"footnotes":""},"categories":[87],"tags":[135,32,33,134],"class_list":{"0":"post-117537","1":"post","2":"type-post","3":"status-publish","4":"format-standard","5":"has-post-thumbnail","7":"category-desporto","8":"tag-desporto","9":"tag-portugal","10":"tag-pt","11":"tag-sports"},"share_on_mastodon":{"url":"","error":""},"_links":{"self":[{"href":"https:\/\/www.europesays.com\/pt\/wp-json\/wp\/v2\/posts\/117537","targetHints":{"allow":["GET"]}}],"collection":[{"href":"https:\/\/www.europesays.com\/pt\/wp-json\/wp\/v2\/posts"}],"about":[{"href":"https:\/\/www.europesays.com\/pt\/wp-json\/wp\/v2\/types\/post"}],"author":[{"embeddable":true,"href":"https:\/\/www.europesays.com\/pt\/wp-json\/wp\/v2\/users\/2"}],"replies":[{"embeddable":true,"href":"https:\/\/www.europesays.com\/pt\/wp-json\/wp\/v2\/comments?post=117537"}],"version-history":[{"count":0,"href":"https:\/\/www.europesays.com\/pt\/wp-json\/wp\/v2\/posts\/117537\/revisions"}],"wp:featuredmedia":[{"embeddable":true,"href":"https:\/\/www.europesays.com\/pt\/wp-json\/wp\/v2\/media\/117538"}],"wp:attachment":[{"href":"https:\/\/www.europesays.com\/pt\/wp-json\/wp\/v2\/media?parent=117537"}],"wp:term":[{"taxonomy":"category","embeddable":true,"href":"https:\/\/www.europesays.com\/pt\/wp-json\/wp\/v2\/categories?post=117537"},{"taxonomy":"post_tag","embeddable":true,"href":"https:\/\/www.europesays.com\/pt\/wp-json\/wp\/v2\/tags?post=117537"}],"curies":[{"name":"wp","href":"https:\/\/api.w.org\/{rel}","templated":true}]}}