{"id":117549,"date":"2025-10-19T16:36:43","date_gmt":"2025-10-19T16:36:43","guid":{"rendered":"https:\/\/www.europesays.com\/pt\/117549\/"},"modified":"2025-10-19T16:36:43","modified_gmt":"2025-10-19T16:36:43","slug":"profissional-de-saude-atingido-a-tiro-em-leiria-ja-teve-alta","status":"publish","type":"post","link":"https:\/\/www.europesays.com\/pt\/117549\/","title":{"rendered":"Profissional de sa\u00fade atingido a tiro em Leiria j\u00e1 teve alta"},"content":{"rendered":"<p>Um profissional de sa\u00fade, atingido a tiro na noite de sexta-feira, em Leiria, &#8220;encontra-se bem&#8221; e j\u00e1 teve alta, disse hoje o conselho de administra\u00e7\u00e3o da Unidade Local de Sa\u00fade (ULS) da Regi\u00e3o de Leiria.<\/p>\n<p>Em comunicado, o conselho de administra\u00e7\u00e3o daquela ULS afirmou que a v\u00edtima &#8220;teve alta&#8221; depois de ter sido observado no Servi\u00e7o de Urg\u00eancia do Hospital Santo Andr\u00e9 (HSA).<\/p>\n<p>O profissional de sa\u00fade ficou em estado grave ap\u00f3s ser atingido pelo disparo de uma arma de fogo, \u00e0s 23:58 de sexta-feira, que ter\u00e1 ainda gerado uma outra v\u00edtima, mas de menor gravidade, disse \u00e0 Lusa o Comando Sub-regional de Emerg\u00eancia e Prote\u00e7\u00e3o Civil da Regi\u00e3o de Leiria. <\/p>\n<p>J\u00e1 a Associa\u00e7\u00e3o Humanit\u00e1ria dos Bombeiros Volunt\u00e1rios de Leiria esclareceu tratar-se de um homem de 53 anos, que deu entrada no hospital em estado grave. <\/p>\n<p>A segunda v\u00edtima ter\u00e1 tamb\u00e9m sido transportada para o hospital. <\/p>\n<p>O conselho de administra\u00e7\u00e3o (CA) da ULS da Regi\u00e3o de Leiria condenou e lamentou o ato de viol\u00eancia ocorrido na noite de sexta-feira, &#8220;fora das instala\u00e7\u00f5es do hospital, mas que teve como v\u00edtima um profissional de sa\u00fade desta institui\u00e7\u00e3o&#8221;, indicou na mesma nota, sem avan\u00e7ar mais pormenores. <\/p>\n<p>&#8220;O CA prestar\u00e1 toda a colabora\u00e7\u00e3o necess\u00e1ria \u00e0s autoridades competentes que est\u00e3o a investigar o caso&#8221;, acrescentou, reafirmando o &#8220;total compromisso na defesa dos seus profissionais, n\u00e3o tolerando qualquer forma de viol\u00eancia contra quem dedica a sua vida ao cuidado dos outros&#8221;. <\/p>\n<p>A Pol\u00edcia Judici\u00e1ria confirmou \u00e0 Lusa que est\u00e1 a investigar o caso. <\/p>\n<p>No local da ocorr\u00eancia estiveram os Bombeiros Volunt\u00e1rios de Leiria, a Viatura M\u00e9dica de Emerg\u00eancia e Reanima\u00e7\u00e3o (VMER) e a Pol\u00edcia de Seguran\u00e7a P\u00fablica (PSP). <\/p>\n","protected":false},"excerpt":{"rendered":"Um profissional de sa\u00fade, atingido a tiro na noite de sexta-feira, em Leiria, &#8220;encontra-se bem&#8221; e j\u00e1 teve&hellip;\n","protected":false},"author":2,"featured_media":117550,"comment_status":"","ping_status":"","sticky":false,"template":"","format":"standard","meta":{"footnotes":""},"categories":[8],"tags":[27,28,15,16,14,25,26,21,22,12,13,19,20,32,23,24,33,17,18,29,30,31],"class_list":{"0":"post-117549","1":"post","2":"type-post","3":"status-publish","4":"format-standard","5":"has-post-thumbnail","7":"category-principais-noticias","8":"tag-breaking-news","9":"tag-breakingnews","10":"tag-featured-news","11":"tag-featurednews","12":"tag-headlines","13":"tag-latest-news","14":"tag-latestnews","15":"tag-main-news","16":"tag-mainnews","17":"tag-news","18":"tag-noticias","19":"tag-noticias-principais","20":"tag-noticiasprincipais","21":"tag-portugal","22":"tag-principais-noticias","23":"tag-principaisnoticias","24":"tag-pt","25":"tag-top-stories","26":"tag-topstories","27":"tag-ultimas","28":"tag-ultimas-noticias","29":"tag-ultimasnoticias"},"share_on_mastodon":{"url":"","error":""},"_links":{"self":[{"href":"https:\/\/www.europesays.com\/pt\/wp-json\/wp\/v2\/posts\/117549","targetHints":{"allow":["GET"]}}],"collection":[{"href":"https:\/\/www.europesays.com\/pt\/wp-json\/wp\/v2\/posts"}],"about":[{"href":"https:\/\/www.europesays.com\/pt\/wp-json\/wp\/v2\/types\/post"}],"author":[{"embeddable":true,"href":"https:\/\/www.europesays.com\/pt\/wp-json\/wp\/v2\/users\/2"}],"replies":[{"embeddable":true,"href":"https:\/\/www.europesays.com\/pt\/wp-json\/wp\/v2\/comments?post=117549"}],"version-history":[{"count":0,"href":"https:\/\/www.europesays.com\/pt\/wp-json\/wp\/v2\/posts\/117549\/revisions"}],"wp:featuredmedia":[{"embeddable":true,"href":"https:\/\/www.europesays.com\/pt\/wp-json\/wp\/v2\/media\/117550"}],"wp:attachment":[{"href":"https:\/\/www.europesays.com\/pt\/wp-json\/wp\/v2\/media?parent=117549"}],"wp:term":[{"taxonomy":"category","embeddable":true,"href":"https:\/\/www.europesays.com\/pt\/wp-json\/wp\/v2\/categories?post=117549"},{"taxonomy":"post_tag","embeddable":true,"href":"https:\/\/www.europesays.com\/pt\/wp-json\/wp\/v2\/tags?post=117549"}],"curies":[{"name":"wp","href":"https:\/\/api.w.org\/{rel}","templated":true}]}}