{"id":117556,"date":"2025-10-19T16:43:08","date_gmt":"2025-10-19T16:43:08","guid":{"rendered":"https:\/\/www.europesays.com\/pt\/117556\/"},"modified":"2025-10-19T16:43:08","modified_gmt":"2025-10-19T16:43:08","slug":"ator-de-tropa-de-elite-da-licao-em-wagner-moura-veja-o-video","status":"publish","type":"post","link":"https:\/\/www.europesays.com\/pt\/117556\/","title":{"rendered":"Ator de Tropa de Elite d\u00e1 &#8220;li\u00e7\u00e3o&#8221; em Wagner Moura (veja o v\u00eddeo)"},"content":{"rendered":"<p>O ator Sandro Rocha, conhecido pelos filmes Tropa de Elite (2007) e Tropa de Elite 2: O Inimigo Agora \u00e9 Outro (2010), voltou a causar repercuss\u00e3o ao comentar sobre o colega de elenco Wagner Moura.\u00a0<\/p>\n<p>Rocha afirmou que o int\u00e9rprete do Capit\u00e3o Nascimento \u201cse esconde atr\u00e1s de uma espiral de sil\u00eancio\u201d e acusou o ator de seguir uma agenda ideol\u00f3gica apoiada pela grande m\u00eddia.<\/p>\n<p>A pol\u00eamica surgiu ap\u00f3s Wagner Moura, em uma entrevista recente, citar tr\u00eas filmes nacionais que todo brasileiro deveria assistir \u2014 sem incluir Tropa de Elite. A aus\u00eancia foi criticada por Sandro Rocha, que considerou a atitude uma forma de negar o impacto cultural do longa.<\/p>\n<blockquote><p>\u201cO Wagner \u00e9 livre para escolher o que quiser. O problema \u00e9 que ele se esconde atr\u00e1s de uma espiral de sil\u00eancio, de uma tentativa de roubar o senso comum da popula\u00e7\u00e3o, apoiado por uma m\u00eddia que se coloca como se fosse verdade. Todo mundo come\u00e7ou a se interessar pelo trabalho do Wagner a partir de\u00a0Tropa de Elite, e n\u00e3o citar o filme mais visto da hist\u00f3ria do cinema nacional n\u00e3o tem a ver com escolha individual, mas com o fato de eles acharem que o filme \u00e9 fascista. A cultura no Brasil foi aparelhada, e a esquerda tem calado as pessoas na base do medo\u201d, afirmou.<\/p><\/blockquote>\n<p>Sandro, que apoia o ex-presidente Jair Bolsonaro, tamb\u00e9m relatou ter sofrido retalia\u00e7\u00f5es por causa de sua posi\u00e7\u00e3o pol\u00edtica. Segundo o ator, a persegui\u00e7\u00e3o dentro do meio art\u00edstico o afastou de diversos trabalhos.<\/p>\n<blockquote><p>\u201cEu jamais imaginei que, dentro da classe art\u00edstica, voc\u00ea n\u00e3o pudesse ter opini\u00e3o divergente. Sempre fui uma pessoa que n\u00e3o abre m\u00e3o da minha independ\u00eancia e da minha forma de me expressar, e paguei o pre\u00e7o por isso. Fui afastado da minha profiss\u00e3o por conta da minha posi\u00e7\u00e3o pol\u00edtica pr\u00f3-Bolsonaro. Tiraram-me de filmes para os quais eu j\u00e1 estava escalado, e houve uma persegui\u00e7\u00e3o nos bastidores para que eu n\u00e3o fosse contratado\u201d, declarou.<\/p><\/blockquote>\n<p>O artista, que est\u00e1 fora das novelas desde 2017 \u2014 quando participou de Apocalipse, da Record \u2014, contou que atualmente atua no mercado imobili\u00e1rio e praticamente se desligou da arte.<\/p>\n<blockquote><p>\u201cMinha carreira nunca foi pautada apenas na express\u00e3o art\u00edstica. Sempre fui empres\u00e1rio e trabalho desde os 13 anos. Eu vendia sorvete e brigadeiro no meu condom\u00ednio para ajudar nas despesas de casa. Nunca dependi 100% da minha carreira, mas hoje minha rela\u00e7\u00e3o com a arte \u00e9 zero, \u00e9 uma rela\u00e7\u00e3o de saudade. Minha carreira me foi tirada por conta do meu posicionamento\u201d, afirmou.<\/p><\/blockquote>\n","protected":false},"excerpt":{"rendered":"O ator Sandro Rocha, conhecido pelos filmes Tropa de Elite (2007) e Tropa de Elite 2: O Inimigo&hellip;\n","protected":false},"author":2,"featured_media":117557,"comment_status":"","ping_status":"","sticky":false,"template":"","format":"standard","meta":{"footnotes":""},"categories":[140],"tags":[114,115,147,148,146,32,33,58,7255,12348],"class_list":{"0":"post-117556","1":"post","2":"type-post","3":"status-publish","4":"format-standard","5":"has-post-thumbnail","7":"category-filmes","8":"tag-entertainment","9":"tag-entretenimento","10":"tag-film","11":"tag-filmes","12":"tag-movies","13":"tag-portugal","14":"tag-pt","15":"tag-sociedade","16":"tag-tropa-de-elite","17":"tag-wagner-moura"},"share_on_mastodon":{"url":"","error":""},"_links":{"self":[{"href":"https:\/\/www.europesays.com\/pt\/wp-json\/wp\/v2\/posts\/117556","targetHints":{"allow":["GET"]}}],"collection":[{"href":"https:\/\/www.europesays.com\/pt\/wp-json\/wp\/v2\/posts"}],"about":[{"href":"https:\/\/www.europesays.com\/pt\/wp-json\/wp\/v2\/types\/post"}],"author":[{"embeddable":true,"href":"https:\/\/www.europesays.com\/pt\/wp-json\/wp\/v2\/users\/2"}],"replies":[{"embeddable":true,"href":"https:\/\/www.europesays.com\/pt\/wp-json\/wp\/v2\/comments?post=117556"}],"version-history":[{"count":0,"href":"https:\/\/www.europesays.com\/pt\/wp-json\/wp\/v2\/posts\/117556\/revisions"}],"wp:featuredmedia":[{"embeddable":true,"href":"https:\/\/www.europesays.com\/pt\/wp-json\/wp\/v2\/media\/117557"}],"wp:attachment":[{"href":"https:\/\/www.europesays.com\/pt\/wp-json\/wp\/v2\/media?parent=117556"}],"wp:term":[{"taxonomy":"category","embeddable":true,"href":"https:\/\/www.europesays.com\/pt\/wp-json\/wp\/v2\/categories?post=117556"},{"taxonomy":"post_tag","embeddable":true,"href":"https:\/\/www.europesays.com\/pt\/wp-json\/wp\/v2\/tags?post=117556"}],"curies":[{"name":"wp","href":"https:\/\/api.w.org\/{rel}","templated":true}]}}