{"id":117558,"date":"2025-10-19T16:44:19","date_gmt":"2025-10-19T16:44:19","guid":{"rendered":"https:\/\/www.europesays.com\/pt\/117558\/"},"modified":"2025-10-19T16:44:19","modified_gmt":"2025-10-19T16:44:19","slug":"ja-e-conhecida-a-data-de-lancamento-da-versao-beta-do-football-manager-2026","status":"publish","type":"post","link":"https:\/\/www.europesays.com\/pt\/117558\/","title":{"rendered":"J\u00e1 \u00e9 conhecida a data de lan\u00e7amento da Vers\u00e3o Beta do Football Manager 2026"},"content":{"rendered":"<p>&#8211; Advertisement &#8211;<\/p>\n<p>Depois de um ano de interregno, para desenvolvimento de um novo motor no jogo, o Football Manager est\u00e1 de volta. A vers\u00e3o Beta do jogo, uma vers\u00e3o inicial, estar\u00e1 dispon\u00edvel j\u00e1 na pr\u00f3xima sexta-feira, dia 24 de outubro.<\/p>\n<p>Nos \u00faltimos dias, foi tamb\u00e9m dada a conhecer uma parceria entre o Football Manager e a FIFA que trar\u00e1 um n\u00edvel de detalhe superior e novidades no tratamento do Mundial 2026, grande destaque desta \u00e9poca desportiva. <\/p>\n<p>O Football Manager 2026 na sua vers\u00e3o integral <a href=\"https:\/\/bolanarede.pt\/especial-bola-na-rede\/atualidade\/ja-e-conhecida-a-data-de-lancamento-do-football-manager-2026\/\" target=\"_blank\" rel=\"noreferrer noopener nofollow\">ser\u00e1 lan\u00e7ado no dia 4 de novembro de 2025<\/a>, uma ter\u00e7a-feira. Recorde-se que esta edi\u00e7\u00e3o do Football Manager tem uma diferen\u00e7a substancial na sua interface com a aposta no motor\u00a0Unity.\u00a0<\/p>\n","protected":false},"excerpt":{"rendered":"&#8211; Advertisement &#8211; Depois de um ano de interregno, para desenvolvimento de um novo motor no jogo, o&hellip;\n","protected":false},"author":2,"featured_media":117559,"comment_status":"","ping_status":"","sticky":false,"template":"","format":"standard","meta":{"footnotes":""},"categories":[87],"tags":[260,135,18267,18301,32,33,134],"class_list":{"0":"post-117558","1":"post","2":"type-post","3":"status-publish","4":"format-standard","5":"has-post-thumbnail","7":"category-desporto","8":"tag-atualidade","9":"tag-desporto","10":"tag-football-manager","11":"tag-football-manager-2026","12":"tag-portugal","13":"tag-pt","14":"tag-sports"},"share_on_mastodon":{"url":"","error":""},"_links":{"self":[{"href":"https:\/\/www.europesays.com\/pt\/wp-json\/wp\/v2\/posts\/117558","targetHints":{"allow":["GET"]}}],"collection":[{"href":"https:\/\/www.europesays.com\/pt\/wp-json\/wp\/v2\/posts"}],"about":[{"href":"https:\/\/www.europesays.com\/pt\/wp-json\/wp\/v2\/types\/post"}],"author":[{"embeddable":true,"href":"https:\/\/www.europesays.com\/pt\/wp-json\/wp\/v2\/users\/2"}],"replies":[{"embeddable":true,"href":"https:\/\/www.europesays.com\/pt\/wp-json\/wp\/v2\/comments?post=117558"}],"version-history":[{"count":0,"href":"https:\/\/www.europesays.com\/pt\/wp-json\/wp\/v2\/posts\/117558\/revisions"}],"wp:featuredmedia":[{"embeddable":true,"href":"https:\/\/www.europesays.com\/pt\/wp-json\/wp\/v2\/media\/117559"}],"wp:attachment":[{"href":"https:\/\/www.europesays.com\/pt\/wp-json\/wp\/v2\/media?parent=117558"}],"wp:term":[{"taxonomy":"category","embeddable":true,"href":"https:\/\/www.europesays.com\/pt\/wp-json\/wp\/v2\/categories?post=117558"},{"taxonomy":"post_tag","embeddable":true,"href":"https:\/\/www.europesays.com\/pt\/wp-json\/wp\/v2\/tags?post=117558"}],"curies":[{"name":"wp","href":"https:\/\/api.w.org\/{rel}","templated":true}]}}