{"id":117568,"date":"2025-10-19T16:52:40","date_gmt":"2025-10-19T16:52:40","guid":{"rendered":"https:\/\/www.europesays.com\/pt\/117568\/"},"modified":"2025-10-19T16:52:40","modified_gmt":"2025-10-19T16:52:40","slug":"andamos-todos-agarrados-aos-telemoveis-preocupamo-nos-mais-em-parecer-do-que-em-ser-e-este-tipo-de-licoes-que-retiramos-do-filme-carros-2","status":"publish","type":"post","link":"https:\/\/www.europesays.com\/pt\/117568\/","title":{"rendered":"\u201cAndamos todos agarrados aos telem\u00f3veis, preocupamo-nos mais em parecer do que em ser. \u00c9 este tipo de li\u00e7\u00f5es que retiramos do filme Carros\u201d"},"content":{"rendered":"<p>Fotografia de Matilde Fieschi, com ilustra\u00e7\u00e3o de Tiago Pereira Santos<\/p>\n<p>Neste dia h\u00e1 19 anos o filme Carros estreou nos cinemas portugueses. Desde ent\u00e3o, mais duas sequelas foram lan\u00e7adas (2011 e 2017). De motor aquecido, pneus preparados e de sorriso no p\u00e1ra-choques, chega-nos Fa\u00edsca McQueen, o carro de corrida vermelho mais r\u00e1pido do mundo.<\/p>\n<p>Fa\u00edsca McQueen, um vaidoso carro de corridas, est\u00e1 a caminho de uma grande prova quando se perde e vai parar \u00e0 pequena e pacata cidade de Radiador Springs. Enquanto tenta sair de l\u00e1 o mais r\u00e1pido poss\u00edvel, Fa\u00edsca acaba por fazer novos amigos e aprende que existe mais na vida al\u00e9m de vencer corridas \u2014 como a import\u00e2ncia da amizade, da humildade e de aproveitar a jornada at\u00e9 \u00e0 meta.<\/p>\n<p>Fotografia de Matilde Fieschi, com ilustra\u00e7\u00e3o de Tiago Pereira Santos<\/p>\n<p>Ao volante de McQueen est\u00e1 Pedro Granger. Participou em v\u00e1rias novelas, como A Lenda da Gar\u00e7a, Dei-te Quase Tudo, Jardins Proibidos ou A Herdeira e Apresentou programas televisivos, como \u00cddolos e O Elo Mais Fraco.<\/p>\n<p>No mundo das dobragens, Granger j\u00e1 emprestou a voz a Dave Seville, (pai de Alvin e os Esquilos) Lombardo, (Happy Feet)Jim Hawkims (O Planeta do Tesouro) ou Jack Gelado (A Origem dos Guardi\u00f5es).<\/p>\n<p>No novo epis\u00f3dio do podcast Era Uma Voz, Pedro Granger fala-nos da import\u00e2ncia de Fa\u00edsca McQueen na pr\u00f3pria vida, do impacto geracional da personagem e reflete sobre qual o melhor momento para deixar de lado algo que nos preenche.<\/p>\n<p>Fotografia de Matilde Fieschi, com ilustra\u00e7\u00e3o de Tiago Pereira Santos<\/p>\n<p>Jos\u00e9 Fonseca Fernandes, com ilustra\u00e7\u00e3o de Tiago Pereira Santos<\/p>\n<p>Jos\u00e9 Fonseca Fernandess<\/p>\n","protected":false},"excerpt":{"rendered":"Fotografia de Matilde Fieschi, com ilustra\u00e7\u00e3o de Tiago Pereira Santos Neste dia h\u00e1 19 anos o filme Carros&hellip;\n","protected":false},"author":2,"featured_media":117569,"comment_status":"","ping_status":"","sticky":false,"template":"","format":"standard","meta":{"footnotes":""},"categories":[10],"tags":[27,28,15,16,14,25,26,21,22,12,13,19,20,32,23,24,33,17,18,29,30,31],"class_list":{"0":"post-117568","1":"post","2":"type-post","3":"status-publish","4":"format-standard","5":"has-post-thumbnail","7":"category-portugal","8":"tag-breaking-news","9":"tag-breakingnews","10":"tag-featured-news","11":"tag-featurednews","12":"tag-headlines","13":"tag-latest-news","14":"tag-latestnews","15":"tag-main-news","16":"tag-mainnews","17":"tag-news","18":"tag-noticias","19":"tag-noticias-principais","20":"tag-noticiasprincipais","21":"tag-portugal","22":"tag-principais-noticias","23":"tag-principaisnoticias","24":"tag-pt","25":"tag-top-stories","26":"tag-topstories","27":"tag-ultimas","28":"tag-ultimas-noticias","29":"tag-ultimasnoticias"},"share_on_mastodon":{"url":"","error":""},"_links":{"self":[{"href":"https:\/\/www.europesays.com\/pt\/wp-json\/wp\/v2\/posts\/117568","targetHints":{"allow":["GET"]}}],"collection":[{"href":"https:\/\/www.europesays.com\/pt\/wp-json\/wp\/v2\/posts"}],"about":[{"href":"https:\/\/www.europesays.com\/pt\/wp-json\/wp\/v2\/types\/post"}],"author":[{"embeddable":true,"href":"https:\/\/www.europesays.com\/pt\/wp-json\/wp\/v2\/users\/2"}],"replies":[{"embeddable":true,"href":"https:\/\/www.europesays.com\/pt\/wp-json\/wp\/v2\/comments?post=117568"}],"version-history":[{"count":0,"href":"https:\/\/www.europesays.com\/pt\/wp-json\/wp\/v2\/posts\/117568\/revisions"}],"wp:featuredmedia":[{"embeddable":true,"href":"https:\/\/www.europesays.com\/pt\/wp-json\/wp\/v2\/media\/117569"}],"wp:attachment":[{"href":"https:\/\/www.europesays.com\/pt\/wp-json\/wp\/v2\/media?parent=117568"}],"wp:term":[{"taxonomy":"category","embeddable":true,"href":"https:\/\/www.europesays.com\/pt\/wp-json\/wp\/v2\/categories?post=117568"},{"taxonomy":"post_tag","embeddable":true,"href":"https:\/\/www.europesays.com\/pt\/wp-json\/wp\/v2\/tags?post=117568"}],"curies":[{"name":"wp","href":"https:\/\/api.w.org\/{rel}","templated":true}]}}