{"id":117570,"date":"2025-10-19T16:53:18","date_gmt":"2025-10-19T16:53:18","guid":{"rendered":"https:\/\/www.europesays.com\/pt\/117570\/"},"modified":"2025-10-19T16:53:18","modified_gmt":"2025-10-19T16:53:18","slug":"irma-de-claudio-ramos-desaparecida-ha-uma-semana","status":"publish","type":"post","link":"https:\/\/www.europesays.com\/pt\/117570\/","title":{"rendered":"Irm\u00e3 de Cl\u00e1udio Ramos desaparecida h\u00e1 uma semana"},"content":{"rendered":"<p>Numa publica\u00e7\u00e3o no Instagram, Cl\u00e1udio Ramos adianta que Iara desapareceu de sua casa, em Vila Boim, Elvas, h\u00e1 uma semana.<\/p>\n<p>&#8220;Conduz um Volkswagen Beetle azul escuro&#8221;, acrescentou, pedindo que qualquer informa\u00e7\u00e3o sobre o seu paradeiro seja comunicada &#8220;\u00e0s autoridades mais pr\u00f3ximas&#8221;.<\/p>\n<p data-remotead-prev-elm=\"true\" data-remotead-elm-id=\"inread\">O jornal &#8220;Linhas de Elvas&#8221; tamb\u00e9m conta do desaparecimento, refor\u00e7ando o apelo feito pela fam\u00edlia.<\/p>\n<p><img decoding=\"async\" class=\"ngx-body\" guid=\"cc5a1b95-4fc4-4017-ad69-f47d864341f6\" src=\"https:\/\/www.europesays.com\/pt\/wp-content\/uploads\/2025\/10\/1760892798_305_image.jpg\" width=\"100%\"\/><\/p>\n<p>Em 2022, o marido de Iara, Nuno Gama, morreu de ataque card\u00edaco fulminante, deixando Vila Boim em choque. Tinha 47 anos.<\/p>\n","protected":false},"excerpt":{"rendered":"Numa publica\u00e7\u00e3o no Instagram, Cl\u00e1udio Ramos adianta que Iara desapareceu de sua casa, em Vila Boim, Elvas, h\u00e1&hellip;\n","protected":false},"author":2,"featured_media":117571,"comment_status":"","ping_status":"","sticky":false,"template":"","format":"standard","meta":{"footnotes":""},"categories":[8],"tags":[27,28,329,21158,15,16,14,25,26,21,22,12,13,19,20,32,23,24,33,218,17,18,29,30,31],"class_list":{"0":"post-117570","1":"post","2":"type-post","3":"status-publish","4":"format-standard","5":"has-post-thumbnail","7":"category-principais-noticias","8":"tag-breaking-news","9":"tag-breakingnews","10":"tag-claudio-ramos","11":"tag-desaparecimento","12":"tag-featured-news","13":"tag-featurednews","14":"tag-headlines","15":"tag-latest-news","16":"tag-latestnews","17":"tag-main-news","18":"tag-mainnews","19":"tag-news","20":"tag-noticias","21":"tag-noticias-principais","22":"tag-noticiasprincipais","23":"tag-portugal","24":"tag-principais-noticias","25":"tag-principaisnoticias","26":"tag-pt","27":"tag-televisao","28":"tag-top-stories","29":"tag-topstories","30":"tag-ultimas","31":"tag-ultimas-noticias","32":"tag-ultimasnoticias"},"share_on_mastodon":{"url":"","error":""},"_links":{"self":[{"href":"https:\/\/www.europesays.com\/pt\/wp-json\/wp\/v2\/posts\/117570","targetHints":{"allow":["GET"]}}],"collection":[{"href":"https:\/\/www.europesays.com\/pt\/wp-json\/wp\/v2\/posts"}],"about":[{"href":"https:\/\/www.europesays.com\/pt\/wp-json\/wp\/v2\/types\/post"}],"author":[{"embeddable":true,"href":"https:\/\/www.europesays.com\/pt\/wp-json\/wp\/v2\/users\/2"}],"replies":[{"embeddable":true,"href":"https:\/\/www.europesays.com\/pt\/wp-json\/wp\/v2\/comments?post=117570"}],"version-history":[{"count":0,"href":"https:\/\/www.europesays.com\/pt\/wp-json\/wp\/v2\/posts\/117570\/revisions"}],"wp:featuredmedia":[{"embeddable":true,"href":"https:\/\/www.europesays.com\/pt\/wp-json\/wp\/v2\/media\/117571"}],"wp:attachment":[{"href":"https:\/\/www.europesays.com\/pt\/wp-json\/wp\/v2\/media?parent=117570"}],"wp:term":[{"taxonomy":"category","embeddable":true,"href":"https:\/\/www.europesays.com\/pt\/wp-json\/wp\/v2\/categories?post=117570"},{"taxonomy":"post_tag","embeddable":true,"href":"https:\/\/www.europesays.com\/pt\/wp-json\/wp\/v2\/tags?post=117570"}],"curies":[{"name":"wp","href":"https:\/\/api.w.org\/{rel}","templated":true}]}}