{"id":117594,"date":"2025-10-19T17:11:09","date_gmt":"2025-10-19T17:11:09","guid":{"rendered":"https:\/\/www.europesays.com\/pt\/117594\/"},"modified":"2025-10-19T17:11:09","modified_gmt":"2025-10-19T17:11:09","slug":"o-antes-e-o-depois-nit","status":"publish","type":"post","link":"https:\/\/www.europesays.com\/pt\/117594\/","title":{"rendered":"O antes e o depois \u2014 NiT"},"content":{"rendered":"<p>\t\t\t\t\t\tO antes e o depois<\/p>\n<p>\t\t\t\t\t\t\t<a id=\"icClose\" href=\"#\" class=\"lightbox-close-button\" onclick=\"unlockScroll()\"><img decoding=\"async\" id=\"icClose-img\" src=\"https:\/\/www.europesays.com\/pt\/wp-content\/uploads\/2025\/10\/ic-close-off.png\" style=\"width: 48px; height: 48px;\"\/><\/a><br \/>\n\t\t\t\t\t\t\t<img decoding=\"async\" src=\"https:\/\/www.europesays.com\/pt\/wp-content\/uploads\/2025\/10\/8d5d2568d9f7e897974221e86ecbc784.jpeg\"\/><\/p>\n<p>O projeto art\u00edstico de restaura\u00e7\u00e3o com azulejos foi batizado de &#8220;Vida \u00e0 Portuguesa&#8221; por uma raz\u00e3o simples: em todas as obras, a tradi\u00e7\u00e3o regional \u00e9 o ponto de partida.<\/p>\n","protected":false},"excerpt":{"rendered":"O antes e o depois O projeto art\u00edstico de restaura\u00e7\u00e3o com azulejos foi batizado de &#8220;Vida \u00e0 Portuguesa&#8221;&hellip;\n","protected":false},"author":2,"featured_media":117595,"comment_status":"","ping_status":"","sticky":false,"template":"","format":"standard","meta":{"footnotes":""},"categories":[144],"tags":[207,205,206,203,201,202,204,114,115,32,33],"class_list":{"0":"post-117594","1":"post","2":"type-post","3":"status-publish","4":"format-standard","5":"has-post-thumbnail","7":"category-arte-e-design","8":"tag-arte","9":"tag-arte-e-design","10":"tag-artedesign","11":"tag-arts","12":"tag-arts-and-design","13":"tag-artsanddesign","14":"tag-design","15":"tag-entertainment","16":"tag-entretenimento","17":"tag-portugal","18":"tag-pt"},"share_on_mastodon":{"url":"","error":""},"_links":{"self":[{"href":"https:\/\/www.europesays.com\/pt\/wp-json\/wp\/v2\/posts\/117594","targetHints":{"allow":["GET"]}}],"collection":[{"href":"https:\/\/www.europesays.com\/pt\/wp-json\/wp\/v2\/posts"}],"about":[{"href":"https:\/\/www.europesays.com\/pt\/wp-json\/wp\/v2\/types\/post"}],"author":[{"embeddable":true,"href":"https:\/\/www.europesays.com\/pt\/wp-json\/wp\/v2\/users\/2"}],"replies":[{"embeddable":true,"href":"https:\/\/www.europesays.com\/pt\/wp-json\/wp\/v2\/comments?post=117594"}],"version-history":[{"count":0,"href":"https:\/\/www.europesays.com\/pt\/wp-json\/wp\/v2\/posts\/117594\/revisions"}],"wp:featuredmedia":[{"embeddable":true,"href":"https:\/\/www.europesays.com\/pt\/wp-json\/wp\/v2\/media\/117595"}],"wp:attachment":[{"href":"https:\/\/www.europesays.com\/pt\/wp-json\/wp\/v2\/media?parent=117594"}],"wp:term":[{"taxonomy":"category","embeddable":true,"href":"https:\/\/www.europesays.com\/pt\/wp-json\/wp\/v2\/categories?post=117594"},{"taxonomy":"post_tag","embeddable":true,"href":"https:\/\/www.europesays.com\/pt\/wp-json\/wp\/v2\/tags?post=117594"}],"curies":[{"name":"wp","href":"https:\/\/api.w.org\/{rel}","templated":true}]}}