{"id":117596,"date":"2025-10-19T17:13:37","date_gmt":"2025-10-19T17:13:37","guid":{"rendered":"https:\/\/www.europesays.com\/pt\/117596\/"},"modified":"2025-10-19T17:13:37","modified_gmt":"2025-10-19T17:13:37","slug":"resumo-de-dona-de-mim-um-novo-amor-para-davi-no-capitulo-de-segunda-20","status":"publish","type":"post","link":"https:\/\/www.europesays.com\/pt\/117596\/","title":{"rendered":"Resumo de Dona de Mim: um novo amor para Davi no cap\u00edtulo de segunda (20)"},"content":{"rendered":"<p>                        <img width=\"944\" height=\"531\" src=\"https:\/\/www.europesays.com\/pt\/wp-content\/uploads\/2025\/10\/Resumo-de-Dona-de-Mim-Davi-gosta-de-Barbara-mas-ele-beija-outro-no-capitulo-de-segunda-20-944x531.jp.jpeg\" class=\"attachment-custom-large size-custom-large article-featured-image\" alt=\"Resumo de Dona de Mim Davi gosta de B\u00e1rbara mas ele beija outro no cap\u00edtulo de segunda (20)\" fetchpriority=\"high\" decoding=\"async\"  \/><\/p>\n<p>B\u00e1rbara e Davi v\u00e3o formar um novo casal em Dona de Mim (Foto: Divulga\u00e7\u00e3o, Globo)<\/p>\n<p>A hist\u00f3ria de Filipa (Claudia Abreu) pedir a guarda de Sofia (Elis Cabral) em Dona de Mim, vai acabar mexendo com os \u00e2nimos e a vida de todo mundo.\u00a0<\/p>\n<p>Continua depois da publicidade<\/p>\n<p>Incluindo Leo (Clara Moneke) que al\u00e9m de tentar abrir os olhos de Filipa para o fato dela estar sendo manipulada por Jaques (Marcello Novaes), vai ter que lidar com a estranheza de Samuel (Juan Paiva) durante o processo.\u00a0<\/p>\n<p>J\u00e1 B\u00e1rbara (Giovanna Cordeiro) balan\u00e7ou o cora\u00e7\u00e3o de Davi (Rafael Vitti). S\u00f3 que ele nem deveria se animar muito porque Marlon (Humberto Moraes), agora que Kami (Giovanna Lancellotti) voltou para Ryan (L7nnon), vai ter um momento remember com a ex-namorada e a beija.\u00a0<\/p>\n<p>Resumo completo do cap\u00edtulo de segunda-feira (20 de outubro de 2025) de Dona de Mim<\/p>\n<p>Leo confronta Filipa sobre Jaques. Filipa desconfia de Jaques, mas n\u00e3o consegue resistir a seu charme. Dalva alerta Filipa sobre o estado de Rosa. Samuel afirma a Filipa que ele \u00e9 quem pedir\u00e1 a guarda de Sofia.\u00a0<\/p>\n<p>Continua depois da publicidade<\/p>\n<p>Davi confidencia a Jaques seu interesse em B\u00e1rbara. B\u00e1rbara garante a Lucas que ele n\u00e3o ser\u00e1 pego por doping. Ryan se preocupa com a repercuss\u00e3o do podcast de que Kami participou. Marlon desconfia da atua\u00e7\u00e3o de Pompeu e desabafa com Jussara. Marlon beija B\u00e1rbara.<\/p>\n<p>Elenco de Dona de Mim tem diversos novatos entre os veteranos1<\/p>\n<p>VoltarAvan\u00e7ar<\/p>\n<p><img loading=\"lazy\" decoding=\"async\" width=\"1200\" height=\"675\" data-id=\"7560324\" src=\"https:\/\/www.europesays.com\/pt\/wp-content\/uploads\/2025\/09\/Elenco-Dona-de-Mim-36.jpg\" alt=\"elenco dona de mim\" class=\"wp-image-7560324\"  \/><\/p>\n<p>Lucas \u2013 Pedro Henrique Ferreira (Foto: Divulga\u00e7\u00e3o, Globo)<\/p>\n<p><img loading=\"lazy\" decoding=\"async\" width=\"1200\" height=\"675\" data-id=\"7560334\" src=\"https:\/\/www.europesays.com\/pt\/wp-content\/uploads\/2025\/09\/1759194371_854_Elenco-Dona-de-Mim-26.jpg\" alt=\"\" class=\"wp-image-7560334\"  \/><\/p>\n<p>Leo \u2013 Clara Moneke (Foto: Divulga\u00e7\u00e3o, Globo)<\/p>\n<p><img loading=\"lazy\" decoding=\"async\" width=\"1200\" height=\"675\" data-id=\"7560329\" src=\"https:\/\/www.europesays.com\/pt\/wp-content\/uploads\/2025\/09\/Elenco-Dona-de-Mim-29.jpg\" alt=\"elenco dona de mim\" class=\"wp-image-7560329\"  \/><\/p>\n<p>Sofia \u2013 Elis Cabral (Foto: Divulga\u00e7\u00e3o, Globo)<\/p>\n<p><img loading=\"lazy\" decoding=\"async\" width=\"1200\" height=\"675\" data-id=\"7560331\" src=\"https:\/\/www.europesays.com\/pt\/wp-content\/uploads\/2025\/09\/1759194372_671_Elenco-Dona-de-Mim-24.jpg\" alt=\"\" class=\"wp-image-7560331\"  \/><\/p>\n<p>Abel \u2013 Tony Ramos (Foto: Divulga\u00e7\u00e3o, Globo)<\/p>\n<p><img loading=\"lazy\" decoding=\"async\" width=\"1200\" height=\"675\" data-id=\"7560326\" src=\"https:\/\/www.europesays.com\/pt\/wp-content\/uploads\/2025\/09\/Elenco-Dona-de-Mim-32.jpg\" alt=\"elenco dona de mim\" class=\"wp-image-7560326\"  \/><\/p>\n<p>Filipa \u2013 Cl\u00e1udia Abreu (Foto: Divulga\u00e7\u00e3o, Globo)<\/p>\n<p><img loading=\"lazy\" decoding=\"async\" width=\"1200\" height=\"675\" data-id=\"7560330\" src=\"https:\/\/www.europesays.com\/pt\/wp-content\/uploads\/2025\/09\/Elenco-Dona-de-Mim-23.jpg\" alt=\"\" class=\"wp-image-7560330\"  \/><\/p>\n<p>Samuel \u2013 Juan Paiva (Foto: Divulga\u00e7\u00e3o, Globo)<\/p>\n<p><img loading=\"lazy\" decoding=\"async\" width=\"1200\" height=\"675\" data-id=\"7560357\" src=\"https:\/\/www.europesays.com\/pt\/wp-content\/uploads\/2025\/09\/Elenco-Dona-de-Mim-4.jpg\" alt=\"elenco dona de mim\" class=\"wp-image-7560357\"  \/><\/p>\n<p>Davi \u2013 Raffa Vitti (Foto: Divulga\u00e7\u00e3o, Globo)<\/p>\n<p><img loading=\"lazy\" decoding=\"async\" width=\"1200\" height=\"675\" data-id=\"7560345\" src=\"https:\/\/www.europesays.com\/pt\/wp-content\/uploads\/2025\/09\/Elenco-Dona-de-Mim-9.jpg\" alt=\"\" class=\"wp-image-7560345\"  \/><\/p>\n<p>Kami \u2013 Giovanna Lancellotti (Foto: Divulga\u00e7\u00e3o, Globo)<\/p>\n<p><img loading=\"lazy\" decoding=\"async\" width=\"1200\" height=\"675\" data-id=\"7560360\" src=\"https:\/\/www.europesays.com\/pt\/wp-content\/uploads\/2025\/09\/Elenco-Dona-de-Mim-7.jpg\" alt=\"\" class=\"wp-image-7560360\"  \/><\/p>\n<p>Marlon \u2013 Humberto Moraes (Foto: Divulga\u00e7\u00e3o, Globo)<\/p>\n<p><img loading=\"lazy\" decoding=\"async\" width=\"1200\" height=\"675\" data-id=\"7560340\" src=\"https:\/\/www.europesays.com\/pt\/wp-content\/uploads\/2025\/09\/Elenco-Dona-de-Mim-19.jpg\" alt=\"elenco dona de mim\" class=\"wp-image-7560340\"  \/><\/p>\n<p>Jaques \u2013 Marcello Novaes (Foto: Divulga\u00e7\u00e3o, Globo)<\/p>\n<p><img loading=\"lazy\" decoding=\"async\" width=\"1200\" height=\"675\" data-id=\"7560343\" src=\"https:\/\/www.europesays.com\/pt\/wp-content\/uploads\/2025\/09\/Elenco-Dona-de-Mim-22.jpg\" alt=\"\" class=\"wp-image-7560343\"  \/><\/p>\n<p>Vanderson \u2013 Armando Babaioff (Foto: Divulga\u00e7\u00e3o, Globo)<\/p>\n<p><img loading=\"lazy\" decoding=\"async\" width=\"1200\" height=\"675\" data-id=\"7560342\" src=\"https:\/\/www.europesays.com\/pt\/wp-content\/uploads\/2025\/09\/Elenco-Dona-de-Mim-20.jpg\" alt=\"elenco dona de mim\" class=\"wp-image-7560342\"  \/><\/p>\n<p>Danilo \u2013 Felipe Simas (Foto: Divulga\u00e7\u00e3o, Globo)<\/p>\n<p><img loading=\"lazy\" decoding=\"async\" width=\"1200\" height=\"675\" data-id=\"7560336\" src=\"https:\/\/www.europesays.com\/pt\/wp-content\/uploads\/2025\/09\/Elenco-Dona-de-Mim-28.jpg\" alt=\"\" class=\"wp-image-7560336\"  \/><\/p>\n<p>Rosa \u2013 Suely Franco (Foto: Divulga\u00e7\u00e3o, Globo)<\/p>\n<p><img loading=\"lazy\" decoding=\"async\" width=\"1200\" height=\"675\" data-id=\"7560339\" src=\"https:\/\/www.europesays.com\/pt\/wp-content\/uploads\/2025\/09\/Elenco-Dona-de-Mim-18.jpg\" alt=\"elenco dona de mim\" class=\"wp-image-7560339\"  \/><\/p>\n<p>T\u00e2nia \u2013 Aline Borges (Foto: Divulga\u00e7\u00e3o, Globo)<\/p>\n<p><img loading=\"lazy\" decoding=\"async\" width=\"1200\" height=\"675\" data-id=\"7560328\" src=\"https:\/\/www.europesays.com\/pt\/wp-content\/uploads\/2025\/09\/Elenco-Dona-de-Mim-34.jpg\" alt=\"\" class=\"wp-image-7560328\"  \/><\/p>\n<p>Jussara \u2013 Vilma Melo (Foto: Divulga\u00e7\u00e3o, Globo)<\/p>\n<p><img loading=\"lazy\" decoding=\"async\" width=\"1200\" height=\"675\" data-id=\"7560327\" src=\"https:\/\/www.europesays.com\/pt\/wp-content\/uploads\/2025\/09\/Elenco-Dona-de-Mim-33.jpg\" alt=\"elenco dona de mim\" class=\"wp-image-7560327\"  \/><\/p>\n<p>Pam \u2013 Haon\u00ea Thinar (Foto: Divulga\u00e7\u00e3o, Globo)<\/p>\n<p><img loading=\"lazy\" decoding=\"async\" width=\"1200\" height=\"675\" data-id=\"7560332\" src=\"https:\/\/www.europesays.com\/pt\/wp-content\/uploads\/2025\/09\/Elenco-Dona-de-Mim-25.jpg\" alt=\"\" class=\"wp-image-7560332\"  \/><\/p>\n<p>Ryan \u2013 L7 (Foto: Divulga\u00e7\u00e3o, Globo)<\/p>\n<p><img loading=\"lazy\" decoding=\"async\" width=\"1200\" height=\"675\" data-id=\"7560358\" src=\"https:\/\/www.europesays.com\/pt\/wp-content\/uploads\/2025\/09\/Elenco-Dona-de-Mim-5.jpg\" alt=\"\" class=\"wp-image-7560358\"  \/><\/p>\n<p>(Foto: Divulga\u00e7\u00e3o, Globo)<\/p>\n<p><img loading=\"lazy\" decoding=\"async\" width=\"1200\" height=\"675\" data-id=\"7560335\" src=\"https:\/\/www.europesays.com\/pt\/wp-content\/uploads\/2025\/09\/Elenco-Dona-de-Mim-27.jpg\" alt=\"elenco dona de mim\" class=\"wp-image-7560335\"  \/><\/p>\n<p>Stephany \u2013 Nikolly Fernandes (Foto: Divulga\u00e7\u00e3o, Globo)<\/p>\n<p><img loading=\"lazy\" decoding=\"async\" width=\"1200\" height=\"675\" data-id=\"7560337\" src=\"https:\/\/www.europesays.com\/pt\/wp-content\/uploads\/2025\/09\/Elenco-Dona-de-Mim-16.jpg\" alt=\"\" class=\"wp-image-7560337\"  \/><\/p>\n<p>Ricardo \u2013 Marcos Pasquim (Foto: Divulga\u00e7\u00e3o, Globo)<\/p>\n<p><img loading=\"lazy\" decoding=\"async\" width=\"1200\" height=\"675\" data-id=\"7560344\" src=\"https:\/\/www.europesays.com\/pt\/wp-content\/uploads\/2025\/09\/Elenco-Dona-de-Mim-8.jpg\" alt=\"elenco dona de mim\" class=\"wp-image-7560344\"  \/><\/p>\n<p>Yara \u2013 Cyda Moreno (Foto: Divulga\u00e7\u00e3o, Globo)<\/p>\n<p><img loading=\"lazy\" decoding=\"async\" width=\"1200\" height=\"675\" data-id=\"7560348\" src=\"https:\/\/www.europesays.com\/pt\/wp-content\/uploads\/2025\/09\/Elenco-Dona-de-Mim-11.jpg\" alt=\"\" class=\"wp-image-7560348\"  \/><\/p>\n<p>Dara \u2013 Cecilia Chancez (Foto: Divulga\u00e7\u00e3o, Globo)<\/p>\n<p><img loading=\"lazy\" decoding=\"async\" width=\"1200\" height=\"675\" data-id=\"7560350\" src=\"https:\/\/www.europesays.com\/pt\/wp-content\/uploads\/2025\/09\/Elenco-Dona-de-Mim-13.jpg\" alt=\"elenco dona de mim\" class=\"wp-image-7560350\"  \/><\/p>\n<p>Peter \u2013 Pedro Fernandes (Foto: Divulga\u00e7\u00e3o, Globo)<\/p>\n<p><img loading=\"lazy\" decoding=\"async\" width=\"1200\" height=\"675\" data-id=\"7560352\" src=\"https:\/\/www.europesays.com\/pt\/wp-content\/uploads\/2025\/09\/Elenco-Dona-de-Mim-15.jpg\" alt=\"\" class=\"wp-image-7560352\"  \/><\/p>\n<p>Manoel \u2013 Ernani Moraes (Foto: Divulga\u00e7\u00e3o, Globo)<\/p>\n<p><img loading=\"lazy\" decoding=\"async\" width=\"1200\" height=\"675\" data-id=\"7560354\" src=\"https:\/\/www.europesays.com\/pt\/wp-content\/uploads\/2025\/09\/Elenco-Dona-de-Mim-2.jpg\" alt=\"elenco dona de mim\" class=\"wp-image-7560354\"  \/><\/p>\n<p>Natara \u2013 Carol Marra (Foto: Divulga\u00e7\u00e3o, Globo)<\/p>\n<p><img loading=\"lazy\" decoding=\"async\" width=\"1200\" height=\"675\" data-id=\"7560349\" src=\"https:\/\/www.europesays.com\/pt\/wp-content\/uploads\/2025\/09\/Elenco-Dona-de-Mim-12.jpg\" alt=\"\" class=\"wp-image-7560349\"  \/><\/p>\n<p>Gisele \u2013 Luana Tanaka (Foto: Divulga\u00e7\u00e3o, Globo)<\/p>\n<p><img loading=\"lazy\" decoding=\"async\" width=\"1200\" height=\"675\" data-id=\"7560338\" src=\"https:\/\/www.europesays.com\/pt\/wp-content\/uploads\/2025\/09\/Elenco-Dona-de-Mim-17.jpg\" alt=\"elenco dona de mim\" class=\"wp-image-7560338\"  \/><\/p>\n<p>Denise \u2013 Cris Larin (Foto: Divulga\u00e7\u00e3o, Globo)<\/p>\n<p><img loading=\"lazy\" decoding=\"async\" width=\"1200\" height=\"675\" data-id=\"7560359\" src=\"https:\/\/www.europesays.com\/pt\/wp-content\/uploads\/2025\/09\/Elenco-Dona-de-Mim-6.jpg\" alt=\"\" class=\"wp-image-7560359\"  \/><\/p>\n<p>Breno \u2013 Gabriel Sanches (Foto: Divulga\u00e7\u00e3o, Globo)<\/p>\n<p><img fetchpriority=\"high\" loading=\"lazy\" decoding=\"async\" width=\"1200\" height=\"675\" data-id=\"7560361\" src=\"https:\/\/www.europesays.com\/pt\/wp-content\/uploads\/2025\/09\/Elenco-Dona-de-Mim.jpg\" alt=\"elenco dona de mim\" class=\"wp-image-7560361\"  \/><\/p>\n<p>Fam\u00edlia Boaz (Foto: Divulga\u00e7\u00e3o, Globo)<\/p>\n<p><strong><a href=\"https:\/\/www.nsctotal.com.br\/noticias\/dona-de-mim-rosa-e-sofia-somem-e-transformam-a-vida-de-leo-mais-uma-vez\" target=\"_blank\" rel=\"noreferrer noopener nofollow\">Dona de Mim: Rosa e Sofia somem e transformam a vida de Leo mais uma vez<\/a><\/strong><\/p>\n","protected":false},"excerpt":{"rendered":"B\u00e1rbara e Davi v\u00e3o formar um novo casal em Dona de Mim (Foto: Divulga\u00e7\u00e3o, Globo) A hist\u00f3ria de&hellip;\n","protected":false},"author":2,"featured_media":117597,"comment_status":"","ping_status":"","sticky":false,"template":"","format":"standard","meta":{"footnotes":""},"categories":[142],"tags":[114,115,32,33,151,543],"class_list":{"0":"post-117596","1":"post","2":"type-post","3":"status-publish","4":"format-standard","5":"has-post-thumbnail","7":"category-tv","8":"tag-entertainment","9":"tag-entretenimento","10":"tag-portugal","11":"tag-pt","12":"tag-tv","13":"tag-ver-ouvir-ler"},"share_on_mastodon":{"url":"","error":""},"_links":{"self":[{"href":"https:\/\/www.europesays.com\/pt\/wp-json\/wp\/v2\/posts\/117596","targetHints":{"allow":["GET"]}}],"collection":[{"href":"https:\/\/www.europesays.com\/pt\/wp-json\/wp\/v2\/posts"}],"about":[{"href":"https:\/\/www.europesays.com\/pt\/wp-json\/wp\/v2\/types\/post"}],"author":[{"embeddable":true,"href":"https:\/\/www.europesays.com\/pt\/wp-json\/wp\/v2\/users\/2"}],"replies":[{"embeddable":true,"href":"https:\/\/www.europesays.com\/pt\/wp-json\/wp\/v2\/comments?post=117596"}],"version-history":[{"count":0,"href":"https:\/\/www.europesays.com\/pt\/wp-json\/wp\/v2\/posts\/117596\/revisions"}],"wp:featuredmedia":[{"embeddable":true,"href":"https:\/\/www.europesays.com\/pt\/wp-json\/wp\/v2\/media\/117597"}],"wp:attachment":[{"href":"https:\/\/www.europesays.com\/pt\/wp-json\/wp\/v2\/media?parent=117596"}],"wp:term":[{"taxonomy":"category","embeddable":true,"href":"https:\/\/www.europesays.com\/pt\/wp-json\/wp\/v2\/categories?post=117596"},{"taxonomy":"post_tag","embeddable":true,"href":"https:\/\/www.europesays.com\/pt\/wp-json\/wp\/v2\/tags?post=117596"}],"curies":[{"name":"wp","href":"https:\/\/api.w.org\/{rel}","templated":true}]}}