{"id":117606,"date":"2025-10-19T17:22:07","date_gmt":"2025-10-19T17:22:07","guid":{"rendered":"https:\/\/www.europesays.com\/pt\/117606\/"},"modified":"2025-10-19T17:22:07","modified_gmt":"2025-10-19T17:22:07","slug":"jovem-baleado-abandonado-a-porta-do-hospital-na-amadora","status":"publish","type":"post","link":"https:\/\/www.europesays.com\/pt\/117606\/","title":{"rendered":"Jovem baleado abandonado \u00e0 porta do hospital na Amadora"},"content":{"rendered":"<p>Eram 9.25 horas quando um carro parou em frente \u00e0 entrada da Urg\u00eancia do Hospital Fernando da Fonseca, com um jovem ferido no interior. O rapaz foi deixado na unidade hospitalar pelos outros ocupantes da viatura que, logo de seguida, abandonou o local.<\/p>\n<p data-remotead-prev-elm=\"true\" data-remotead-elm-id=\"inread\">Sozinho no hospital, o jovem apresentava ferimentos no abd\u00f3men causados por um tiro e foi levado para o bloco operat\u00f3rio rapidamente. Neste momento, n\u00e3o corre risco de vida.<\/p>\n<p>A PSP foi alertada, mas j\u00e1 n\u00e3o conseguiu localizar o autom\u00f3vel que transportou o baleado ao hospital. As dilig\u00eancias em curso tamb\u00e9m tentam apurar as circunst\u00e2ncias em que o jovem foi atingido a tiro.<\/p>\n","protected":false},"excerpt":{"rendered":"Eram 9.25 horas quando um carro parou em frente \u00e0 entrada da Urg\u00eancia do Hospital Fernando da Fonseca,&hellip;\n","protected":false},"author":2,"featured_media":117607,"comment_status":"","ping_status":"","sticky":false,"template":"","format":"standard","meta":{"footnotes":""},"categories":[10],"tags":[4249,25784,27,28,15,16,14,603,25,26,21,22,12,13,19,20,32,23,24,1306,33,17,18,29,30,31],"class_list":{"0":"post-117606","1":"post","2":"type-post","3":"status-publish","4":"format-standard","5":"has-post-thumbnail","7":"category-portugal","8":"tag-amadora","9":"tag-baleado","10":"tag-breaking-news","11":"tag-breakingnews","12":"tag-featured-news","13":"tag-featurednews","14":"tag-headlines","15":"tag-justica","16":"tag-latest-news","17":"tag-latestnews","18":"tag-main-news","19":"tag-mainnews","20":"tag-news","21":"tag-noticias","22":"tag-noticias-principais","23":"tag-noticiasprincipais","24":"tag-portugal","25":"tag-principais-noticias","26":"tag-principaisnoticias","27":"tag-psp","28":"tag-pt","29":"tag-top-stories","30":"tag-topstories","31":"tag-ultimas","32":"tag-ultimas-noticias","33":"tag-ultimasnoticias"},"share_on_mastodon":{"url":"","error":""},"_links":{"self":[{"href":"https:\/\/www.europesays.com\/pt\/wp-json\/wp\/v2\/posts\/117606","targetHints":{"allow":["GET"]}}],"collection":[{"href":"https:\/\/www.europesays.com\/pt\/wp-json\/wp\/v2\/posts"}],"about":[{"href":"https:\/\/www.europesays.com\/pt\/wp-json\/wp\/v2\/types\/post"}],"author":[{"embeddable":true,"href":"https:\/\/www.europesays.com\/pt\/wp-json\/wp\/v2\/users\/2"}],"replies":[{"embeddable":true,"href":"https:\/\/www.europesays.com\/pt\/wp-json\/wp\/v2\/comments?post=117606"}],"version-history":[{"count":0,"href":"https:\/\/www.europesays.com\/pt\/wp-json\/wp\/v2\/posts\/117606\/revisions"}],"wp:featuredmedia":[{"embeddable":true,"href":"https:\/\/www.europesays.com\/pt\/wp-json\/wp\/v2\/media\/117607"}],"wp:attachment":[{"href":"https:\/\/www.europesays.com\/pt\/wp-json\/wp\/v2\/media?parent=117606"}],"wp:term":[{"taxonomy":"category","embeddable":true,"href":"https:\/\/www.europesays.com\/pt\/wp-json\/wp\/v2\/categories?post=117606"},{"taxonomy":"post_tag","embeddable":true,"href":"https:\/\/www.europesays.com\/pt\/wp-json\/wp\/v2\/tags?post=117606"}],"curies":[{"name":"wp","href":"https:\/\/api.w.org\/{rel}","templated":true}]}}