{"id":117612,"date":"2025-10-19T17:25:05","date_gmt":"2025-10-19T17:25:05","guid":{"rendered":"https:\/\/www.europesays.com\/pt\/117612\/"},"modified":"2025-10-19T17:25:05","modified_gmt":"2025-10-19T17:25:05","slug":"assalto-no-louvre-foi-muito-bem-preparado-o-que-leva-a-crer-que-alguem-do-interior-tambem-tera-participado-cnn-portugal","status":"publish","type":"post","link":"https:\/\/www.europesays.com\/pt\/117612\/","title":{"rendered":"Assalto no Louvre foi &quot;muito bem preparado&quot;, o que leva a crer que &quot;algu\u00e9m do interior tamb\u00e9m ter\u00e1 participado&quot; &#8211; CNN Portugal"},"content":{"rendered":"<ol>\n<li><a href=\"https:\/\/news.google.com\/rss\/articles\/CBMi-AFBVV95cUxQUG1ra1lzNUNncjZ3eFBjbFpEaGswNmdhcXo4MURPMWpQYmVlQnY4V3hfREd2MndlVzZ1UXBuSmtMT0tLbGJ5MWtQdlAxMlZVMEs1bEgycjlELXRBUmg4MWR2V1gza3dkd2lPYzc3ZmxON25VTzhxREpDN1VmSXZxb0VqX09kdWNmQ21HQ0xLMk9QQmhpbU1UWHN6WFV4VnZCa0hGUDdSR2FTQWFIZ1FUWGh0Z3lZVl9Fdk1BWDhMSEtwd2d6Q19sUlpNRlI3VWNTWkZZQ0NGLUdaT2ZUZ1BXYlE5aTl6WVBISzFHQ3ZzMHlBTU9KOFE2UA?oc=5\" target=\"_blank\" rel=\"nofollow noopener\">Assalto no Louvre foi &#8220;muito bem preparado&#8221;, o que leva a crer que &#8220;algu\u00e9m do interior tamb\u00e9m ter\u00e1 participado&#8221;<\/a>&nbsp;&nbsp;CNN Portugal<\/li>\n<li><a href=\"https:\/\/news.google.com\/rss\/articles\/CBMisgFBVV95cUxNN1k3UV9fTEVtSVM0R044ZnJLdi11QTJZOTlRVTVLLXJaRW4tM2NuSC1CRmF1cHczS25IZGI4VjdNUDdrZXlJZFFUT1UtWXF1b2tuYzhnVmM1MzR6MkkyY2RhYlZzeWlsMXNDNUxiRW05LWRpNzlIUFJHSVkxejVNU1lURTRFSWVXN0V2Ulc0REk2dF9MSklJX01WNjZjOThTRVFVYjgyX2VhaFV3NjNnaHFn?oc=5\" target=\"_blank\" rel=\"nofollow noopener\">Assalto ao Louvre: especialista explica import\u00e2ncia de pe\u00e7as do museu<\/a>&nbsp;&nbsp;CNN Brasil<\/li>\n<li><a href=\"https:\/\/news.google.com\/rss\/articles\/CBMixwFBVV95cUxQVVZ4VDdtSXNDZzFSRDFDcGRQUHNWNWFadkpsNHJVRTJ0RWpNenY5RzFWUDlsY1Fsbi1ENWtEN3JOQjBiV1BtX3RMMVFJSWduTk1UbC0ybWhOX1VRWldWRGVhNUhwUUUzUFJLaDhXd05hbGpIcGRFS0I5SXRXaFpUMU9IR24tM2JfbHVkbUQ5QlNxOGMyWkhYZE9lbDRZUVVBMjVHZC1fOUVUR3JqRVAySkFJUUx5QVdsWFJvYTJoRTcyN2F0Wlhr0gHWAUFVX3lxTE43eDRoOGItT1JsMXpMTGFteUwtZ094SWV4dFpEZnNWTF9tcGVhVXdPTHpaQW5uTXA3QzhTbmZPa09vRDMwTUZ5ME9nT3VvSUFMV3BRQmZNWFUxYVo0R3FPem43bmJrV01vc2hVQzVqSHhxNWIwQjUtb1Zlc2IzNXZGSlBkUHRISnI4c3VEdFEzekxSVFZkdEc4M0FyWTdYYWlqS1FIYWpEYXB1YUpvUzNwTF9tWGJoYmNfcjI3dWtxN2FISEhBU19XQTJvNDFIZFlMS2ZLUEE?oc=5\" target=\"_blank\" rel=\"nofollow noopener\">Assalto ao Louvre: para internautas, Lupin \u00e9 o maior &#8216;suspeito&#8217;; veja memes<\/a>&nbsp;&nbsp;O Globo<\/li>\n<li><a href=\"https:\/\/news.google.com\/rss\/articles\/CBMitwFBVV95cUxNZGlFN0JNbzNfY3ZTb1hVcm5GeVVqTUtaNGZXMEp1M1F2eXdraVhnWU55QlpfU3RpWm9ZLVJfRVROZW1qSGtqcVVSZGZxMmRpamZNeXBha0czWXdVZHdaRFlORm95WHdCdkhrc19DRTJBRDlWSkJnZ3JIci1NZTQwRmQ0b05PRGQ0ZUxYYjk5ZWN6eWhfcEk1Q1c0ZktFU0tMbWNOclBTZGRyNmlGdXVIOEdkYkpjVFnSAbwBQVVfeXFMTUhrOHhiOFM0OVNoNnFaRmxFS1VfRS05UFhKSDNHRU5zd1NFY21TM05WWFUxLTRpRHdlTjBkV3BjNGpoTXRwVjJVZ3ZrWUVORUtTOFpIMlpGSk5SeFM1M1VyTldFOE9iSWMyM215cWZVZXhEcmVPcjkwRzkwWnh2NThMRXN5N1VSWFNQa3BDb1ZJeXRWTWxYZDFDNUJZOGRyZF85aXVBXy1qejdzU1I4bVdSbEJna1ZfMU9UMUc?oc=5\" target=\"_blank\" rel=\"nofollow noopener\">Coroa com 1.300 diamantes roubada do Louvre \u00e9 encontrada danificada<\/a>&nbsp;&nbsp;Folha de S.Paulo<\/li>\n<li><a href=\"https:\/\/news.google.com\/rss\/articles\/CBMiqgJBVV95cUxQbE40NUVKYkppWUV2OEtIVGI1bGp6aml1ZHlJWWRUbmlIb1hJUDYxWXlOSGpSQzc2azlLN28tbnZqMi1HSkQ0WGpZd29remZkeTFGZDhhV2tjOGt0eTNjQllhTUdWS0V0ODJqelJCUjE5U3hxLS1rY1JZRFVxOV96LUlFOWpPM0ZDRFpvd0VEd2JNU0k1RlNOVHlTRjE0WHo3aEpfWnNnSXN1Ym1NbHk5TzlzWXlyMmtlMlF3ME53Y05UQnl1OVpieG9mUGduUkJrUlB6eUt2SE40REs3RnpOcE5HWWRxLWp2N0d3OTJRRkdfVDhZTXVzQy1iS3VTajJCekhwQ19kS3JIZE12ejJLN1lsVHZCNEhRZ2hOMFFqZ05UQ0tocWI2eGlB?oc=5\" target=\"_blank\" rel=\"nofollow noopener\">Guindaste, pe\u00e7as de Napole\u00e3o e fuga em sete minutos: o que se sabe sobre o roubo de joias hist\u00f3ricas no Museu do Louvre<\/a>&nbsp;&nbsp;GZH<\/li>\n<\/ol>\n","protected":false},"excerpt":{"rendered":"Assalto no Louvre foi &#8220;muito bem preparado&#8221;, o que leva a crer que &#8220;algu\u00e9m do interior tamb\u00e9m ter\u00e1&hellip;\n","protected":false},"author":2,"featured_media":113901,"comment_status":"","ping_status":"","sticky":false,"template":"","format":"standard","meta":{"footnotes":""},"categories":[144],"tags":[207,205,206,203,201,202,204,114,115,32,33],"class_list":{"0":"post-117612","1":"post","2":"type-post","3":"status-publish","4":"format-standard","5":"has-post-thumbnail","7":"category-arte-e-design","8":"tag-arte","9":"tag-arte-e-design","10":"tag-artedesign","11":"tag-arts","12":"tag-arts-and-design","13":"tag-artsanddesign","14":"tag-design","15":"tag-entertainment","16":"tag-entretenimento","17":"tag-portugal","18":"tag-pt"},"share_on_mastodon":{"url":"","error":""},"_links":{"self":[{"href":"https:\/\/www.europesays.com\/pt\/wp-json\/wp\/v2\/posts\/117612","targetHints":{"allow":["GET"]}}],"collection":[{"href":"https:\/\/www.europesays.com\/pt\/wp-json\/wp\/v2\/posts"}],"about":[{"href":"https:\/\/www.europesays.com\/pt\/wp-json\/wp\/v2\/types\/post"}],"author":[{"embeddable":true,"href":"https:\/\/www.europesays.com\/pt\/wp-json\/wp\/v2\/users\/2"}],"replies":[{"embeddable":true,"href":"https:\/\/www.europesays.com\/pt\/wp-json\/wp\/v2\/comments?post=117612"}],"version-history":[{"count":0,"href":"https:\/\/www.europesays.com\/pt\/wp-json\/wp\/v2\/posts\/117612\/revisions"}],"wp:featuredmedia":[{"embeddable":true,"href":"https:\/\/www.europesays.com\/pt\/wp-json\/wp\/v2\/media\/113901"}],"wp:attachment":[{"href":"https:\/\/www.europesays.com\/pt\/wp-json\/wp\/v2\/media?parent=117612"}],"wp:term":[{"taxonomy":"category","embeddable":true,"href":"https:\/\/www.europesays.com\/pt\/wp-json\/wp\/v2\/categories?post=117612"},{"taxonomy":"post_tag","embeddable":true,"href":"https:\/\/www.europesays.com\/pt\/wp-json\/wp\/v2\/tags?post=117612"}],"curies":[{"name":"wp","href":"https:\/\/api.w.org\/{rel}","templated":true}]}}