{"id":117621,"date":"2025-10-19T17:36:38","date_gmt":"2025-10-19T17:36:38","guid":{"rendered":"https:\/\/www.europesays.com\/pt\/117621\/"},"modified":"2025-10-19T17:36:38","modified_gmt":"2025-10-19T17:36:38","slug":"crise-e-precos-das-casas-estao-a-mudar-bairros-perifericos-de-lisboa","status":"publish","type":"post","link":"https:\/\/www.europesays.com\/pt\/117621\/","title":{"rendered":"Crise e pre\u00e7os das casas est\u00e3o a mudar bairros perif\u00e9ricos de Lisboa"},"content":{"rendered":"<p>Hoje, \u00e0 margem de uma homenagem, no bairro do Zambujal (Amadora), a Odair Moniz, o imigrante de 43 anos morto h\u00e1 um ano \u00e0s m\u00e3os da pol\u00edcia portuguesa, ativistas do movimento Vida Justa salientam que o ambiente nos bairros sociais tem sido afetado pelo persistente ataque \u00e0s minorias, imigrantes e moradores nas zonas mais pobres.<\/p>\n<p>&#8220;Queremos que as coisas melhorem, mas \u00e9 dif\u00edcil&#8221;, admitiu Ricardo Sequeira, morador em Mem Martins, que hoje participou na homenagem a Odair Moniz, que incluiu um mural evocativo.<\/p>\n<p>Para Jos\u00e9 Carlos, morador no Zambujal, o bairro tem acolhido novos moradores, vindos de zonas que n\u00e3o eram conotadas com a periferia.<\/p>\n<p>&#8220;As rendas est\u00e3o alt\u00edssimas e h\u00e1 pessoas que depois que acabam por ter necessidade de mudar para c\u00e1 e que n\u00e3o estavam habituadas a ter que vir viver num bairro social&#8221;, afirmou.<\/p>\n<p>&#8220;Acho que essas pessoas depois acabam por ser testemunhas de que realmente o bairro n\u00e3o \u00e9 nada de anormal e \u00e9 uma zona perfeitamente normal onde se pode viver tranquilamente e criar uma fam\u00edlia sem qualquer tipo de problema&#8221;, salientou Jos\u00e9 Carlos.<\/p>\n<p>Ricardo Sequeira admite que o tecido social de alguns bairros est\u00e1 a mudar gra\u00e7as \u00e0 chegada de pessoas que n\u00e3o conseguem pagar as casas nos centros das cidades.<\/p>\n<p>&#8220;Um bairro social \u00e9 um s\u00edtio de mudan\u00e7a constante. Temos uma linha de Sintra ou Cascais, com a sua condi\u00e7\u00e3o de dormit\u00f3rio, em que as pessoas n\u00e3o criam rela\u00e7\u00e3o com o territ\u00f3rio&#8221;, mas acabam por pressionar tamb\u00e9m o pre\u00e7o da habita\u00e7\u00e3o.<\/p>\n<p>&#8220;Essas classes m\u00e9dias sa\u00edram dessa posi\u00e7\u00e3o confort\u00e1vel de classe m\u00e9dia, que era uma posi\u00e7\u00e3o ilus\u00f3ria&#8221;, porque &#8220;bastam algumas leis&#8221; para lhes &#8220;retirar essa ilus\u00e3o de seguran\u00e7a&#8221;, afirmou Ricardo Sequeira.<\/p>\n<p>O &#8220;privil\u00e9gio de classe pode ser retirado muito facilmente e \u00e9 o que estamos a reparar, hoje em dia, com o aumento dos pre\u00e7os da casas ou com a constante estigmatiza\u00e7\u00e3o de v\u00e1rios tipos de imigrantes&#8221;, acusou o dirigente.<\/p>\n<p>E &#8220;mesmo a quest\u00e3o da nacionalidade \u00e9 uma quest\u00e3o de legitimidade que \u00e9 concedida, mas tamb\u00e9m pode ser retirada, como mostra a nova lei&#8221;, salientou ainda o ativista.<\/p>\n<p>Por isso, adivinha Ricardo Sequeira, poder\u00e1 assistir-se a &#8220;mais visibilidade dos problemas dos bairros&#8221; no futuro, porque &#8220;aparecem outras pessoas que aqui n\u00e3o estavam&#8221;.<\/p>\n<p>&#8220;N\u00e3o s\u00e3o negros, n\u00e3o s\u00e3o imigrantes e come\u00e7am a viver nos bairros e, a\u00ed, pode ser que os pol\u00edticos liguem&#8221; \u00e0s periferias, acrescentou ainda.<\/p>\n<p>Leia Tamb\u00e9m: <a href=\"https:\/\/www.noticiasaominuto.com\/pais\/2873179\/ativistas-e-moradores-do-zambujal-juntam-se-em-homenagem-a-odair-moniz\" target=\"_blank\" rel=\"noopener noreferrer nofollow\">Ativistas e moradores do Zambujal juntam-se em homenagem a Odair Moniz<\/a><\/p>\n","protected":false},"excerpt":{"rendered":"Hoje, \u00e0 margem de uma homenagem, no bairro do Zambujal (Amadora), a Odair Moniz, o imigrante de 43&hellip;\n","protected":false},"author":2,"featured_media":117622,"comment_status":"","ping_status":"","sticky":false,"template":"","format":"standard","meta":{"footnotes":""},"categories":[10],"tags":[27,28,15,16,14,25,26,21,22,12,13,19,20,32,23,24,33,17,18,29,30,31],"class_list":{"0":"post-117621","1":"post","2":"type-post","3":"status-publish","4":"format-standard","5":"has-post-thumbnail","7":"category-portugal","8":"tag-breaking-news","9":"tag-breakingnews","10":"tag-featured-news","11":"tag-featurednews","12":"tag-headlines","13":"tag-latest-news","14":"tag-latestnews","15":"tag-main-news","16":"tag-mainnews","17":"tag-news","18":"tag-noticias","19":"tag-noticias-principais","20":"tag-noticiasprincipais","21":"tag-portugal","22":"tag-principais-noticias","23":"tag-principaisnoticias","24":"tag-pt","25":"tag-top-stories","26":"tag-topstories","27":"tag-ultimas","28":"tag-ultimas-noticias","29":"tag-ultimasnoticias"},"share_on_mastodon":{"url":"","error":""},"_links":{"self":[{"href":"https:\/\/www.europesays.com\/pt\/wp-json\/wp\/v2\/posts\/117621","targetHints":{"allow":["GET"]}}],"collection":[{"href":"https:\/\/www.europesays.com\/pt\/wp-json\/wp\/v2\/posts"}],"about":[{"href":"https:\/\/www.europesays.com\/pt\/wp-json\/wp\/v2\/types\/post"}],"author":[{"embeddable":true,"href":"https:\/\/www.europesays.com\/pt\/wp-json\/wp\/v2\/users\/2"}],"replies":[{"embeddable":true,"href":"https:\/\/www.europesays.com\/pt\/wp-json\/wp\/v2\/comments?post=117621"}],"version-history":[{"count":0,"href":"https:\/\/www.europesays.com\/pt\/wp-json\/wp\/v2\/posts\/117621\/revisions"}],"wp:featuredmedia":[{"embeddable":true,"href":"https:\/\/www.europesays.com\/pt\/wp-json\/wp\/v2\/media\/117622"}],"wp:attachment":[{"href":"https:\/\/www.europesays.com\/pt\/wp-json\/wp\/v2\/media?parent=117621"}],"wp:term":[{"taxonomy":"category","embeddable":true,"href":"https:\/\/www.europesays.com\/pt\/wp-json\/wp\/v2\/categories?post=117621"},{"taxonomy":"post_tag","embeddable":true,"href":"https:\/\/www.europesays.com\/pt\/wp-json\/wp\/v2\/tags?post=117621"}],"curies":[{"name":"wp","href":"https:\/\/api.w.org\/{rel}","templated":true}]}}