{"id":117633,"date":"2025-10-19T17:45:09","date_gmt":"2025-10-19T17:45:09","guid":{"rendered":"https:\/\/www.europesays.com\/pt\/117633\/"},"modified":"2025-10-19T17:45:09","modified_gmt":"2025-10-19T17:45:09","slug":"eua-examinam-retirar-sais-de-aluminio-das-vacinas-19-10-2025-equilibrio-e-saude","status":"publish","type":"post","link":"https:\/\/www.europesays.com\/pt\/117633\/","title":{"rendered":"EUA examinam retirar sais de alum\u00ednio das vacinas &#8211; 19\/10\/2025 &#8211; Equil\u00edbrio e Sa\u00fade"},"content":{"rendered":"<p>Autoridades federais de sa\u00fade est\u00e3o examinando a viabilidade de retirar sais de alum\u00ednio das vacinas, uma perspectiva que, segundo especialistas em vacinas, <a href=\"https:\/\/www1.folha.uol.com.br\/equilibrioesaude\/2025\/08\/como-robert-f-kennedy-jr-secretario-de-saude-do-governo-trump-prejudica-a-vacinacao-no-mundo.shtml\" rel=\"nofollow noopener\" target=\"\">eliminaria cerca de metade <\/a>do suprimento nacional de inocula\u00e7\u00f5es infantis e afetaria vacinas que protegem contra coqueluche, poliomielite e gripe mortal.<\/p>\n<p>A revis\u00e3o na FDA (Food and Drug Administration, ag\u00eancia reguladora americana) come\u00e7ou depois que o presidente <a href=\"https:\/\/www1.folha.uol.com.br\/folha-topicos\/donald-trump\/\" rel=\"nofollow noopener\" target=\"\">Donald Trump <\/a>listou o alum\u00ednio em vacinas como prejudicial durante uma entrevista coletiva sobre a suposta liga\u00e7\u00e3o n\u00e3o comprovada entre<a href=\"https:\/\/www1.folha.uol.com.br\/equilibrioesaude\/2025\/09\/por-que-governo-trump-quer-ligar-uso-de-tylenol-a-autismo-em-criancas-e-por-que-especialistas-contestam-isso.shtml\" rel=\"nofollow noopener\" target=\"\"> Tylenol e autismo.<\/a><\/p>\n<p>Sais de alum\u00ednio est\u00e3o presentes em vacinas desde a d\u00e9cada de 1920 e s\u00e3o adicionados para aumentar o efeito estimulante do sistema imunol\u00f3gico contra o v\u00edrus ou bact\u00e9ria cobertos pela inocula\u00e7\u00e3o. Robert F. Kennedy Jr., o secret\u00e1rio nacional de sa\u00fade,<a href=\"https:\/\/www1.folha.uol.com.br\/equilibrioesaude\/2025\/09\/kennedy-reescreve-a-politica-de-vacinas-dos-eua-em-seus-proprios-termos.shtml\" rel=\"nofollow noopener\" target=\"\"> tem sido um cr\u00edtico de longa data do alum\u00ednio em vacinas<\/a>, que ele sugeriu estar ligado ao autismo.<\/p>\n<p>Especialistas em vacinas afirmaram que a pequena quantidade de sais de alum\u00ednio nas vacinas \u2014frequentemente medida em um milion\u00e9simo de grama\u2014 tem um longo hist\u00f3rico de seguran\u00e7a e \u00e9 essencial para gerar imunidade duradoura contra doen\u00e7as. Desenvolver <a href=\"https:\/\/www1.folha.uol.com.br\/equilibrioesaude\/2017\/07\/1903988-a-historia-que-deu-origem-ao-mito-da-ligacao-entre-vacinas-e-autismo.shtml\" rel=\"nofollow noopener\" target=\"\">vacinas <\/a>sem sais de alum\u00ednio, segundo eles, exigiria uma formula\u00e7\u00e3o completamente nova.<\/p>\n<p>Tais esfor\u00e7os levariam anos de testes cuidadosos de seguran\u00e7a, custariam centenas de milh\u00f5es de d\u00f3lares e poderiam potencialmente expor milhares de beb\u00eas a doen\u00e7as mortais, dada a insist\u00eancia de Kennedy de que novas vacinas deveriam ser testadas em humanos contra placebos.<\/p>\n<p>Trump reconheceu que, assim como o merc\u00fario, que foi removido das vacinas infantis h\u00e1 mais de 20 anos, as evid\u00eancias contra o alum\u00ednio s\u00e3o limitadas.<\/p>\n<p>&#8220;J\u00e1 retiramos e estamos em processo de retirar o merc\u00fario e o alum\u00ednio agora&#8221;, disse Trump. &#8220;E houve rumores sobre ambos por muito tempo, mas estamos fazendo com que sejam retirados.&#8221;<\/p>\n<p>Bruce Gellin, que trabalhou em fun\u00e7\u00f5es de seguran\u00e7a de vacinas no Departamento de Sa\u00fade e Servi\u00e7os Humanos por mais de uma d\u00e9cada, diz que rumores eram semelhantes a ouvir um detector de fuma\u00e7a disparar.<\/p>\n<p>&#8220;Pode haver um inc\u00eandio, ou talvez voc\u00ea precise de uma nova bateria&#8221;, afirma Gellin, que agora \u00e9 professor adjunto na Universidade de Georgetown. &#8220;Seguir sinais \u00e9 uma boa ideia, mas agir sobre eles sem investigar e encontrar a causa raiz n\u00e3o \u00e9 uma boa ideia.&#8221;<\/p>\n<p>Andrew Nixon, porta-voz do Departamento de Sa\u00fade e Servi\u00e7os Humanos dos Estados Unidos, n\u00e3o respondeu a perguntas sobre a remo\u00e7\u00e3o do alum\u00ednio, mas disse que um influente comit\u00ea de vacinas nos Centros de Controle e Preven\u00e7\u00e3o de Doen\u00e7as estava &#8220;revisando o conjunto de ci\u00eancia relacionada ao alum\u00ednio e outros poss\u00edveis contaminantes em <a href=\"https:\/\/www1.folha.uol.com.br\/equilibrioesaude\/2025\/03\/coberturas-de-vacinas-infantis-em-2024-supera-niveis-pre-pandemicos-em-sp-diz-estado.shtml\" rel=\"nofollow noopener\" target=\"\">vacinas infantis<\/a>.&#8221; (Kennedy demitiu os membros desse comit\u00ea neste ver\u00e3o e os substituiu por numerosos c\u00e9ticos de vacinas.)<\/p>\n<p>O consenso cient\u00edfico \u00e9 que as pequenas quantidades de alum\u00ednio nas vacinas s\u00e3o seguras. O alum\u00ednio tamb\u00e9m \u00e9 um dos elementos mais abundantes na Terra; as pessoas o respiram na poeira e o ingerem atrav\u00e9s de alimentos e bebidas todos os dias.<\/p>\n<p>    Cuide-se<\/p>\n<p class=\"c-newsletter__subtitle\">Ci\u00eancia, h\u00e1bitos e preven\u00e7\u00e3o numa newsletter para a sua sa\u00fade e bem-estar<\/p>\n<p>Antes das \u00faltimas declara\u00e7\u00f5es de Trump, Kennedy n\u00e3o havia anunciado nenhum plano formal relacionado \u00e0 remo\u00e7\u00e3o de alum\u00ednio. Durante sua carreira como <a href=\"https:\/\/www1.folha.uol.com.br\/cotidiano\/2023\/06\/ativismo-antivacina-e-uma-forca-assassina-diz-cientista-americano.shtml\" rel=\"nofollow noopener\" target=\"\">ativista antivacina<\/a>, no entanto, ele apoiou pesquisadores que publicaram estudos tentando vincular o alum\u00ednio em vacinas ao autismo, estudos que foram amplamente criticados.<\/p>\n<p>Em 2020, Kennedy descreveu um desses pesquisadores, Christopher Exley, como &#8220;a principal autoridade mundial em toxicidade do alum\u00ednio&#8221;, dizendo que sua pesquisa sobre alum\u00ednio e vacinas &#8220;documentou graves efeitos t\u00f3xicos&#8221;. Kennedy escreveu no site de seu antigo grupo sem fins lucrativos que tentou doar US$ 15 mil (cerca de R$ 81 mil) para apoiar a pesquisa de Exley, mas sua universidade no Reino Unido devolveu o cheque.<\/p>\n<p>Exley publicou um estudo em 2018 que examinou a presen\u00e7a de alum\u00ednio nos c\u00e9rebros doados de cinco pessoas com autismo, sugerindo que isso poderia &#8220;implicar&#8221; o alum\u00ednio no desenvolvimento do autismo. Quando solicitado a elaborar, Exley disse em um e-mail que n\u00e3o conhecia o status de vacina\u00e7\u00e3o dos doadores de c\u00e9rebro devido a regras de confidencialidade.<\/p>\n<p>Ele disse em uma postagem no Substack em 1\u00ba de outubro que escreveu a Kennedy antes da coletiva de Trump para lembrar o secret\u00e1rio de que o alum\u00ednio &#8220;\u00e9 a causa do <a href=\"https:\/\/www1.folha.uol.com.br\/equilibrio\/2025\/09\/o-autismo-sempre-existiu-mas-nem-sempre-o-chamamos-assim.shtml\" rel=\"nofollow noopener\" target=\"\">autismo <\/a>profundo&#8221;.<\/p>\n<p>Em um e-mail ao The New York Times na semana passada, Exley escreveu: &#8220;O Secret\u00e1rio Kennedy pede meu conselho sobre alum\u00ednio em adjuvantes, pois sou a principal autoridade em exposi\u00e7\u00e3o humana ao alum\u00ednio&#8221;.<\/p>\n<p>Em uma entrevista em uma reuni\u00e3o da Associa\u00e7\u00e3o Nacional de Governadores em julho, Kennedy disse que os Institutos Nacionais de Sa\u00fade estavam estudando liga\u00e7\u00f5es entre alum\u00ednio e alergias. Um novo grupo de trabalho do CDC tamb\u00e9m declarou que examinar\u00e1 se existe uma liga\u00e7\u00e3o entre diferentes adjuvantes de alum\u00ednio e risco de asma.<\/p>\n<p>Ofer Levy, diretor do programa de vacinas de precis\u00e3o no Hospital Infantil de Boston, disse que o NIH j\u00e1 investiu dezenas de milh\u00f5es no desenvolvimento de adjuvantes de pr\u00f3xima gera\u00e7\u00e3o, ou amplificadores imunol\u00f3gicos como o alum\u00ednio. Ele disse que houve quest\u00f5es sobre o papel do alum\u00ednio nas alergias, dado como ele estimula certas c\u00e9lulas imunol\u00f3gicas. Mais estudos sobre a seguran\u00e7a das vacinas s\u00e3o sempre bem-vindos, diz ele.<\/p>\n<p>Empresas que fabricam vacinas infantis incluem Merck, Pfizer, GSK e Sanofi. Representantes de algumas empresas disseram que os adjuvantes de alum\u00ednio, ou estimuladores imunol\u00f3gicos, t\u00eam um hist\u00f3rico de seguran\u00e7a bem compreendido. Substitutos seriam novos e precisariam ser avaliados um a um contra pat\u00f3genos para cada doen\u00e7a coberta, eliminando o uso de vacinas combinadas que cobrem v\u00e1rias doen\u00e7as.<\/p>\n<p>V\u00e1rios representantes de empresas disseram que n\u00e3o haviam recebido contato de autoridades federais de sa\u00fade sobre o assunto.<\/p>\n<p>Se Kennedy decidisse agir decisivamente contra o alum\u00ednio em vacinas, ele poderia tentar faz\u00ea-lo atrav\u00e9s da FDA, que as aprova. A ag\u00eancia pode retirar produtos do mercado se houver fortes novas evid\u00eancias de danos ou falta de efic\u00e1cia. O processo, se contestado, pode levar anos.<\/p>\n<p>O comit\u00ea de vacinas do CDC poderia enfraquecer sua recomenda\u00e7\u00e3o para vacinas que cont\u00eam sais de alum\u00ednio, um esfor\u00e7o que provavelmente corroeria ainda mais a confian\u00e7a nas vacinas. Tamb\u00e9m provavelmente reduziria o uso de vacinas infantis, particularmente em estados que vinculam suas regras ou regulamentos \u00e0s decis\u00f5es do comit\u00ea.<\/p>\n","protected":false},"excerpt":{"rendered":"Autoridades federais de sa\u00fade est\u00e3o examinando a viabilidade de retirar sais de alum\u00ednio das vacinas, uma perspectiva que,&hellip;\n","protected":false},"author":2,"featured_media":117634,"comment_status":"","ping_status":"","sticky":false,"template":"","format":"standard","meta":{"footnotes":""},"categories":[86],"tags":[27499,10661,92,235,236,116,11291,1208,32,33,117,2820],"class_list":{"0":"post-117633","1":"post","2":"type-post","3":"status-publish","4":"format-standard","5":"has-post-thumbnail","7":"category-saude","8":"tag-aluminio","9":"tag-antivacina","10":"tag-donald-trump","11":"tag-estados-unidos","12":"tag-folha","13":"tag-health","14":"tag-imunobiologicos","15":"tag-medicina","16":"tag-portugal","17":"tag-pt","18":"tag-saude","19":"tag-vacinacao"},"share_on_mastodon":{"url":"","error":""},"_links":{"self":[{"href":"https:\/\/www.europesays.com\/pt\/wp-json\/wp\/v2\/posts\/117633","targetHints":{"allow":["GET"]}}],"collection":[{"href":"https:\/\/www.europesays.com\/pt\/wp-json\/wp\/v2\/posts"}],"about":[{"href":"https:\/\/www.europesays.com\/pt\/wp-json\/wp\/v2\/types\/post"}],"author":[{"embeddable":true,"href":"https:\/\/www.europesays.com\/pt\/wp-json\/wp\/v2\/users\/2"}],"replies":[{"embeddable":true,"href":"https:\/\/www.europesays.com\/pt\/wp-json\/wp\/v2\/comments?post=117633"}],"version-history":[{"count":0,"href":"https:\/\/www.europesays.com\/pt\/wp-json\/wp\/v2\/posts\/117633\/revisions"}],"wp:featuredmedia":[{"embeddable":true,"href":"https:\/\/www.europesays.com\/pt\/wp-json\/wp\/v2\/media\/117634"}],"wp:attachment":[{"href":"https:\/\/www.europesays.com\/pt\/wp-json\/wp\/v2\/media?parent=117633"}],"wp:term":[{"taxonomy":"category","embeddable":true,"href":"https:\/\/www.europesays.com\/pt\/wp-json\/wp\/v2\/categories?post=117633"},{"taxonomy":"post_tag","embeddable":true,"href":"https:\/\/www.europesays.com\/pt\/wp-json\/wp\/v2\/tags?post=117633"}],"curies":[{"name":"wp","href":"https:\/\/api.w.org\/{rel}","templated":true}]}}