{"id":117691,"date":"2025-10-19T18:37:11","date_gmt":"2025-10-19T18:37:11","guid":{"rendered":"https:\/\/www.europesays.com\/pt\/117691\/"},"modified":"2025-10-19T18:37:11","modified_gmt":"2025-10-19T18:37:11","slug":"carneiro-anuncia-proposta-de-apoio-socialista-a-seguro-nas-presidenciais","status":"publish","type":"post","link":"https:\/\/www.europesays.com\/pt\/117691\/","title":{"rendered":"Carneiro anuncia proposta de apoio socialista a Seguro nas Presidenciais"},"content":{"rendered":"<p>&#13;<br \/>\nA proposta de Jos\u00e9 Lu\u00eds Carneiro \u00e9 feita conjuntamente com o presidente do PS, Carlos C\u00e9sar, sublinhando que &#8220;\u00e9 o PS e s\u00f3 o PS que determina o tempo pol\u00edtico das suas decis\u00f5es&#8221;.&#13;\n<\/p>\n<p>&#13;<br \/>\nA decis\u00e3o sobre um apoio socialista \u00e0 candidatura de Ant\u00f3nio Jos\u00e9 Seguro foi guardada para a reuni\u00e3o da Comiss\u00e3o Nacional deste domigo, em Penafiel.&#13;\n<\/p>\n<p>&#13;<br \/>\nO antigo secret\u00e1rio-geral do PS avan\u00e7ou para a corrida presidencial h\u00e1 quatro meses, mas Jos\u00e9 Lu\u00eds Carneiro fez quest\u00e3o de adiar uma tomada de posi\u00e7\u00e3o para depois das Aut\u00e1rquicas de domingo passado.&#13;\n<\/p>\n<p>          <img decoding=\"async\" itemprop=\"image\" class=\"img-fluid\"   src=\"https:\/\/www.europesays.com\/pt\/wp-content\/uploads\/2025\/10\/1f194c3ec82211aee5d1dc11dab8afff_N.jpg\"\/><\/p>\n<p>&#13;<br \/>\nA reuni\u00e3o de Penafiel come\u00e7ou cerca das tr\u00eas da tarde, tendo na agenda, al\u00e9m do apoio a Seguro, os resultados obtidos pelo partido nas elei\u00e7\u00f5es de h\u00e1 uma semana e o posicionamento do partido na vota\u00e7\u00e3o do Or\u00e7amento do Estado para 2026.&#13;\n<\/p>\n<p>&#13;<br \/>\nA reuni\u00e3o do \u00f3rg\u00e3o m\u00e1ximo do PS entre congressos decorre em Penafiel, no distrito do Porto, onde v\u00e3o tamb\u00e9m decorrer as jornadas parlamentares do partido na segunda e ter\u00e7a-feira.&#13;\n<\/p>\n<p>&#13;<br \/>\nSeguro representa o &#8220;socialismo democr\u00e1tico&#8221;&#13;\n<\/p>\n<p>&#13;<br \/>\nO secret\u00e1rio-geral do PS considera que Seguro representa o &#8220;campo do socialismo democr\u00e1tico&#8221; num &#8220;tempo especialmente exigente&#8221;.&#13;\n<\/p>\n<p>&#13;<br \/>\n<br \/>&#13;<br \/>\n&#8220;Quem representa esse campo do socialismo democr\u00e1tico \u00e9 o Ant\u00f3nio Jos\u00e9 Seguro&#8221;.<br \/>&#13;<br \/>\n&#13;<br \/>\n<br \/>&#13;\n<\/p>\n<p>&#13;<br \/>\nCarneiro sublinhou as qualidades e &#8220;provas dadas&#8221; de Ant\u00f3nio Jos\u00e9 Seguro, dizendo acreditar que apenas o antigo l\u00edder socialista e o socialismo democr\u00e1tico que representa, a aut\u00eantica social-democracia, ser\u00e3o capazes de responder \u00e0s exig\u00eancias atuais.<br \/>&#13;\n<\/p>\n<p>&#13;<br \/>\n&#8220;Ant\u00f3nio Jos\u00e9 Seguro, al\u00e9m de ter sido secret\u00e1rio-geral dos jovens socialistas, foi tamb\u00e9m secret\u00e1rio-geral do nosso Partido. Tem provas dadas, no servi\u00e7o aos valores democr\u00e1ticos e aos valores constitucionais. Como deputado, esteve na origem de uma das importantes reformas do Parlamento, foi secret\u00e1rio do Estado da Juventude, foi ministro-adjunto do primeiro-ministro Ant\u00f3nio Guterres e deputado ao Parlamento Europeu&#8221;, acrescentou Jos\u00e9 Lu\u00eds carneiro.<br \/>&#13;<\/p>\n","protected":false},"excerpt":{"rendered":"&#13; A proposta de Jos\u00e9 Lu\u00eds Carneiro \u00e9 feita conjuntamente com o presidente do PS, Carlos C\u00e9sar, sublinhando&hellip;\n","protected":false},"author":2,"featured_media":117692,"comment_status":"","ping_status":"","sticky":false,"template":"","format":"standard","meta":{"footnotes":""},"categories":[10],"tags":[27,28,15,16,14,25,26,21,22,12,13,19,20,32,23,24,33,420,421,17,18,29,30,31],"class_list":{"0":"post-117691","1":"post","2":"type-post","3":"status-publish","4":"format-standard","5":"has-post-thumbnail","7":"category-portugal","8":"tag-breaking-news","9":"tag-breakingnews","10":"tag-featured-news","11":"tag-featurednews","12":"tag-headlines","13":"tag-latest-news","14":"tag-latestnews","15":"tag-main-news","16":"tag-mainnews","17":"tag-news","18":"tag-noticias","19":"tag-noticias-principais","20":"tag-noticiasprincipais","21":"tag-portugal","22":"tag-principais-noticias","23":"tag-principaisnoticias","24":"tag-pt","25":"tag-rtp","26":"tag-rtp-noticias","27":"tag-top-stories","28":"tag-topstories","29":"tag-ultimas","30":"tag-ultimas-noticias","31":"tag-ultimasnoticias"},"share_on_mastodon":{"url":"","error":""},"_links":{"self":[{"href":"https:\/\/www.europesays.com\/pt\/wp-json\/wp\/v2\/posts\/117691","targetHints":{"allow":["GET"]}}],"collection":[{"href":"https:\/\/www.europesays.com\/pt\/wp-json\/wp\/v2\/posts"}],"about":[{"href":"https:\/\/www.europesays.com\/pt\/wp-json\/wp\/v2\/types\/post"}],"author":[{"embeddable":true,"href":"https:\/\/www.europesays.com\/pt\/wp-json\/wp\/v2\/users\/2"}],"replies":[{"embeddable":true,"href":"https:\/\/www.europesays.com\/pt\/wp-json\/wp\/v2\/comments?post=117691"}],"version-history":[{"count":0,"href":"https:\/\/www.europesays.com\/pt\/wp-json\/wp\/v2\/posts\/117691\/revisions"}],"wp:featuredmedia":[{"embeddable":true,"href":"https:\/\/www.europesays.com\/pt\/wp-json\/wp\/v2\/media\/117692"}],"wp:attachment":[{"href":"https:\/\/www.europesays.com\/pt\/wp-json\/wp\/v2\/media?parent=117691"}],"wp:term":[{"taxonomy":"category","embeddable":true,"href":"https:\/\/www.europesays.com\/pt\/wp-json\/wp\/v2\/categories?post=117691"},{"taxonomy":"post_tag","embeddable":true,"href":"https:\/\/www.europesays.com\/pt\/wp-json\/wp\/v2\/tags?post=117691"}],"curies":[{"name":"wp","href":"https:\/\/api.w.org\/{rel}","templated":true}]}}