{"id":117712,"date":"2025-10-19T18:52:24","date_gmt":"2025-10-19T18:52:24","guid":{"rendered":"https:\/\/www.europesays.com\/pt\/117712\/"},"modified":"2025-10-19T18:52:24","modified_gmt":"2025-10-19T18:52:24","slug":"chega-ficou-a-frente-da-cdu-em-lisboa-por-apenas-tres-votos","status":"publish","type":"post","link":"https:\/\/www.europesays.com\/pt\/117712\/","title":{"rendered":"Chega ficou \u00e0 frente da CDU em Lisboa por apenas tr\u00eas votos"},"content":{"rendered":"<p>O Chega obteve em Lisboa 26.755 votos, <strong>mais tr\u00eas<\/strong> do que a CDU, confirmando a distribui\u00e7\u00e3o de mandatos de dois vereados para o Chega e um para a coliga\u00e7\u00e3o, segundo a assembleia de apuramento geral.<\/p>\n<p>A CDU, coliga\u00e7\u00e3o que junta PCP e PEV, afirmou na ter\u00e7a-feira que havia 60 votos por contabilizar na freguesia de S\u00e3o Domingos de Benfica, em Lisboa, &#8220;que n\u00e3o chegaram a ser contados&#8221; no domingo no \u00e2mbito das elei\u00e7\u00f5es aut\u00e1rquicas.<\/p>\n<p>Segundo os resultados provis\u00f3rios publicados pela Secretaria-Geral do Minist\u00e9rio da Administra\u00e7\u00e3o Interna, a CDU tinha sido ultrapassada pelo Chega na elei\u00e7\u00e3o para a C\u00e2mara Municipal de Lisboa, por uma diferen\u00e7a de apenas 11 votos, mas que se <strong>refletiu na perda de um vereador comunista <\/strong>na capital, comparativamente aos dois eleitos em 2021.<\/p>\n<p>RUI DUARTE SILVA<\/p>\n<p class=\"category\"><a href=\"https:\/\/expresso.pt\/politica\/eleicoes\/autarquicas-2025\" rel=\"nofollow noopener\" target=\"_blank\">Aut\u00e1rquicas 2025<\/a><\/p>\n<p class=\"follow-link\"><a href=\"https:\/\/expresso.pt\/politica\/eleicoes\/autarquicas-2025\/2025-10-14-grandes-cidades-sem-maiorias-absolutas-chega-pode-ser-relevante-em-39-camaras-2cfdc006\" rel=\"canonical nofollow noopener\" target=\"_blank\">Leia tamb\u00e9m<\/a><\/p>\n<p>Os dados da assembleia de apuramento geral, que terminou a contagem final dos votos na sexta-feira, revelaram que o Chega venceu a CDU por tr\u00eas votos, confirmando a elei\u00e7\u00e3o dos vereadores Bruno Mascarenhas e Ana Sim\u00f5es Silva pelo Chega, e de Jo\u00e3o Ferreira pela CDU.<\/p>\n<p>Nos resultados provis\u00f3rios publicados pela Secretaria-Geral do Minist\u00e9rio da Administra\u00e7\u00e3o Interna, o Chega, partido que em 2021 n\u00e3o conseguiu eleger para o executivo municipal, foi a terceira candidatura mais votada, com 10,10% dos votos (26.780 votos), ficando \u00e0 frente da CDU, que obteve 10,09% (26.769 votos), por uma diferen\u00e7a de apenas 11 votos.<\/p>\n<p>Nas elei\u00e7\u00f5es de domingo, o social-democrata Carlos Moedas foi reeleito presidente da C\u00e2mara Municipal de Lisboa, pela coliga\u00e7\u00e3o PSD\/CDS-PP\/IL, com 41,69% dos votos, derrotando a socialista Alexandra Leit\u00e3o (PS\/Livre\/BE\/PAN), que teve 33,95%.<\/p>\n","protected":false},"excerpt":{"rendered":"O Chega obteve em Lisboa 26.755 votos, mais tr\u00eas do que a CDU, confirmando a distribui\u00e7\u00e3o de mandatos&hellip;\n","protected":false},"author":2,"featured_media":117713,"comment_status":"","ping_status":"","sticky":false,"template":"","format":"standard","meta":{"footnotes":""},"categories":[8],"tags":[27,28,15,16,14,25,26,21,22,12,13,19,20,32,23,24,33,17,18,29,30,31],"class_list":{"0":"post-117712","1":"post","2":"type-post","3":"status-publish","4":"format-standard","5":"has-post-thumbnail","7":"category-principais-noticias","8":"tag-breaking-news","9":"tag-breakingnews","10":"tag-featured-news","11":"tag-featurednews","12":"tag-headlines","13":"tag-latest-news","14":"tag-latestnews","15":"tag-main-news","16":"tag-mainnews","17":"tag-news","18":"tag-noticias","19":"tag-noticias-principais","20":"tag-noticiasprincipais","21":"tag-portugal","22":"tag-principais-noticias","23":"tag-principaisnoticias","24":"tag-pt","25":"tag-top-stories","26":"tag-topstories","27":"tag-ultimas","28":"tag-ultimas-noticias","29":"tag-ultimasnoticias"},"share_on_mastodon":{"url":"","error":""},"_links":{"self":[{"href":"https:\/\/www.europesays.com\/pt\/wp-json\/wp\/v2\/posts\/117712","targetHints":{"allow":["GET"]}}],"collection":[{"href":"https:\/\/www.europesays.com\/pt\/wp-json\/wp\/v2\/posts"}],"about":[{"href":"https:\/\/www.europesays.com\/pt\/wp-json\/wp\/v2\/types\/post"}],"author":[{"embeddable":true,"href":"https:\/\/www.europesays.com\/pt\/wp-json\/wp\/v2\/users\/2"}],"replies":[{"embeddable":true,"href":"https:\/\/www.europesays.com\/pt\/wp-json\/wp\/v2\/comments?post=117712"}],"version-history":[{"count":0,"href":"https:\/\/www.europesays.com\/pt\/wp-json\/wp\/v2\/posts\/117712\/revisions"}],"wp:featuredmedia":[{"embeddable":true,"href":"https:\/\/www.europesays.com\/pt\/wp-json\/wp\/v2\/media\/117713"}],"wp:attachment":[{"href":"https:\/\/www.europesays.com\/pt\/wp-json\/wp\/v2\/media?parent=117712"}],"wp:term":[{"taxonomy":"category","embeddable":true,"href":"https:\/\/www.europesays.com\/pt\/wp-json\/wp\/v2\/categories?post=117712"},{"taxonomy":"post_tag","embeddable":true,"href":"https:\/\/www.europesays.com\/pt\/wp-json\/wp\/v2\/tags?post=117712"}],"curies":[{"name":"wp","href":"https:\/\/api.w.org\/{rel}","templated":true}]}}