{"id":117716,"date":"2025-10-19T18:54:08","date_gmt":"2025-10-19T18:54:08","guid":{"rendered":"https:\/\/www.europesays.com\/pt\/117716\/"},"modified":"2025-10-19T18:54:08","modified_gmt":"2025-10-19T18:54:08","slug":"um-galerista-luso-frances-com-vista-para-o-louvre-dentro-do-museu-a-seguranca-e-ao-mais-alto-nivel-mas-no-exterior-nao-ha-quem-o-vigie-expresso","status":"publish","type":"post","link":"https:\/\/www.europesays.com\/pt\/117716\/","title":{"rendered":"Um galerista luso-franc\u00eas com vista para o Louvre: \u201cDentro do museu, a seguran\u00e7a \u00e9 ao mais alto n\u00edvel, mas no exterior n\u00e3o h\u00e1 quem o vigie\u201d &#8211; Expresso"},"content":{"rendered":"<ol>\n<li><a href=\"https:\/\/news.google.com\/rss\/articles\/CBMiqgJBVV95cUxQVklWQ2RzTlNpN1hLWi1YUXJBckpKUXJvb1hoUUhEQUh2bEZLc0RJbWRLOEhOWGpEd2otcDlPUjRwU0RCRXA5cFZiTUhXSWlqbmY5WlNwcGZIMVY1Mi1qQmx4Y210VC16ZVBSb3dnUHQxYTAzN3RaajhiejIwc2xJVXpCQXYwRmVKdnI1UHRlZWZZRFFTakVqS0JOQWR2TndENElYU3lNY2hsYVZIZjhsNTRoN2xNRzlmdWp0TDRnN0lnd0lBM1I4U19FLWU2eURwQnlEZ01JNkxYU2Z2M0hrWkV5bTNmM3Z0YVB2cFV1RmttZHRTTU42UklaUUl2NUdrM0w1dms5bjNzVThfSTMzWTNyR3V2d29mV1BLaGo5NjNvMXdTVWZxdGZB0gGLBUFVX3lxTE5UdWtlVmxJTXdTdVMtZ0JEdmViVURUbG1Sbkl0NGg1Um9sc3dreTlmWHZ4SVhlUTEzTzlPY3NGTDlVUTdtZ0dBenBDSHN2ZnJpX0ZralJQM2oxaUhrRWtPUzZnemkwODJndElVN2Mwa1JLNXpTblJiUXZRN2plelJLYnRLM2dHc2JLY0VaUl9JaDhCZ2N1ZUF0b3FLWlphVzFaUFlvZWk1X0ZORVkyYmN0ZDdGalVrLUJNZ01TYnByLTJkU0R3NFl5eWUzMXFRbmtsRWpUVndDWUMzdmlZY3FrX2lGaE5BWTFWdXhKRDJQYW5vN1JwdWpNNWVkOEh4eDBabEpWa21YZDh4clZfRVEzZTBscTZUelBpdnJfRkNhemI0cGM4R2NOWElKZU4yUFFjLWJickcxY2pTOTkyMFpmOExTUExwc2Q4blpqcjF5Zkx0VXBXbDFXRm9pN0FZSGdhNXFSQmdsVWNoeWx6UXozcTNkbWVEQWY5UkdmYnFjVEhpVFlISXRNcV9XZkhURHpZMVNlNE1EOG1TbTJqa0pxX0gwM1p5RGh0X05aQVNZazVrREFycnl1bER1Sm9nSE5wUXIxZS1MbDc3d1lRVUpqei03Ukx2aXFQaDViT0kyWEk2WHhTWGNEVUFrT1N1bWx2cGxlVkh4UHBnclpGVDNwRDB1TDZic2hGNXRiM2pvMXFzVUluVUtGeVVVYVRSaUJsNVRVYldnMHYxNDBuZzJyV1B0WElmOHAxbDNSa2drRXNCT0lrUzFhenlVNzBwTzFYcWRQM3Y5bjJuWXRlQjhpNWl1WEFaRlZ4Z1VDeVFHZF9yZzVSWmI3VmRjc3RXRC1LTnJCU1YyOFE3Zw?oc=5\" target=\"_blank\" rel=\"nofollow noopener\">Um galerista luso-franc\u00eas com vista para o Louvre: \u201cDentro do museu, a seguran\u00e7a \u00e9 ao mais alto n\u00edvel, mas no exterior n\u00e3o h\u00e1 quem o vigie\u201d<\/a>&nbsp;&nbsp;Expresso<\/li>\n<li><a href=\"https:\/\/news.google.com\/rss\/articles\/CBMiqgFBVV95cUxOZUpxNlE2WkpBRkxhT21ieFh5WTI5ZkdZbm9PTXBQT0xRNjVwM2FXU2x0WnNuekthUUpOQXpKaW5LZWdCNzRVbG9xUEpra0d1aVVlSnp6S3VxOHYtSUlGb3FhVVQ0dTFDM21RZ3IycU9Kdmhoam5GV2JYR0JpbGI5bGs4S29wM09McjhVcW1acXNFSFM1LWE1dVdqalBNTjB3WXdDTThMWGFiUQ?oc=5\" target=\"_blank\" rel=\"nofollow noopener\">Coroa de diamantes \u00e9 recuperada ap\u00f3s roubo no Louvre, diz m\u00eddia<\/a>&nbsp;&nbsp;CNN Brasil<\/li>\n<li><a href=\"https:\/\/news.google.com\/rss\/articles\/CBMi2AFBVV95cUxPRFd2UW9CUDVIR2t2OEx2NE01bDB6dWxkREJTU3dkOExlRGU5dVVBUVRfRHB4X0wtemdWbWtleWprMUNPMDFtckJ1bDd3cUFOYWRmVDdQVVlQcnk2enE2ZS1KU2Y5aEtUczA2WkpOZklfWEQwVm8waHhCZTdHVy1WVURPRk9kMUFVSFZLdkFDcUV0eEpBUXluYm51YzZibzMzTHU2LTZLTWdBLVd1YUVDN3ZXTHNyVUVDVDNWdUNvQXZRdElaWjZ3YnI3SG0wS25VR1d4ZEJSV2s?oc=5\" target=\"_blank\" rel=\"nofollow noopener\">Criminosos usaram coletes e toucas em furto de joias no Louvre, em Paris<\/a>&nbsp;&nbsp;UOL Not\u00edcias<\/li>\n<li><a href=\"https:\/\/news.google.com\/rss\/articles\/CBMi1wFBVV95cUxQTUdSeE8tSkpCTjVUR21JNnFld1hqT29QSnFUNHU2a1VBM1FycnFRR0pURVVWYWlFQjd5cFZ4M2NxME80dUI1dnJVd2RjT0lLRzhmakEtVFZHQjVzS0VyT1JwRkN3ME9OUWtlTkhiZVJvODRNZFo4bVU3dnRxbjlJVDRYQllEQU5TUkVKTGdoYmRfb3duRmlBZkUwbm5MM1p3Y3ViUTg5dDdvMFRyYTJoWGZvUFc5UUQtY2N5NUh2SUhHLVlkMnctdEo3TG1iU0cxLVpiQ0hqNA?oc=5\" target=\"_blank\" rel=\"nofollow noopener\">Criminosos levaram 7 minutos para realizar roubo cinematogr\u00e1fico no Louvre; veja como foi a a\u00e7\u00e3o<\/a>&nbsp;&nbsp;Estad\u00e3o<\/li>\n<li><a href=\"https:\/\/news.google.com\/rss\/articles\/CBMivwFBVV95cUxNNDNjYVNPLVFLbnU2b2tTdGEtVVVheWJCaDIwd0x4NjlSTXRRWC1oZmFOWkFYREgzSVBoZFZtTWFkbzNTbmF1TmFpczRQYXVTTEltbFJrRTBqTG56SVFfSWQ4cGhOZFkwaG9WYmQ3clJGcjlKSTU2RzF2bDZBbVNmNkNIdjh1bDNXUW8tYVZuMUk1YzRXNlpPdEdIV0hLR3hfQ0JWVnQzVnRROTh1TDlZZHJ4MjMtMHlYMC1ocDY1QQ?oc=5\" target=\"_blank\" rel=\"nofollow noopener\">\u2018Hist\u00f3ria de Lupin\u2019: at\u00e9 prefeito do Centro de Paris compara assalto ao Louvre a personagem da fic\u00e7\u00e3o<\/a>&nbsp;&nbsp;VEJA<\/li>\n<\/ol>\n","protected":false},"excerpt":{"rendered":"Um galerista luso-franc\u00eas com vista para o Louvre: \u201cDentro do museu, a seguran\u00e7a \u00e9 ao mais alto n\u00edvel,&hellip;\n","protected":false},"author":2,"featured_media":117717,"comment_status":"","ping_status":"","sticky":false,"template":"","format":"standard","meta":{"footnotes":""},"categories":[144],"tags":[207,205,206,203,201,202,204,114,115,32,33],"class_list":{"0":"post-117716","1":"post","2":"type-post","3":"status-publish","4":"format-standard","5":"has-post-thumbnail","7":"category-arte-e-design","8":"tag-arte","9":"tag-arte-e-design","10":"tag-artedesign","11":"tag-arts","12":"tag-arts-and-design","13":"tag-artsanddesign","14":"tag-design","15":"tag-entertainment","16":"tag-entretenimento","17":"tag-portugal","18":"tag-pt"},"share_on_mastodon":{"url":"","error":""},"_links":{"self":[{"href":"https:\/\/www.europesays.com\/pt\/wp-json\/wp\/v2\/posts\/117716","targetHints":{"allow":["GET"]}}],"collection":[{"href":"https:\/\/www.europesays.com\/pt\/wp-json\/wp\/v2\/posts"}],"about":[{"href":"https:\/\/www.europesays.com\/pt\/wp-json\/wp\/v2\/types\/post"}],"author":[{"embeddable":true,"href":"https:\/\/www.europesays.com\/pt\/wp-json\/wp\/v2\/users\/2"}],"replies":[{"embeddable":true,"href":"https:\/\/www.europesays.com\/pt\/wp-json\/wp\/v2\/comments?post=117716"}],"version-history":[{"count":0,"href":"https:\/\/www.europesays.com\/pt\/wp-json\/wp\/v2\/posts\/117716\/revisions"}],"wp:featuredmedia":[{"embeddable":true,"href":"https:\/\/www.europesays.com\/pt\/wp-json\/wp\/v2\/media\/117717"}],"wp:attachment":[{"href":"https:\/\/www.europesays.com\/pt\/wp-json\/wp\/v2\/media?parent=117716"}],"wp:term":[{"taxonomy":"category","embeddable":true,"href":"https:\/\/www.europesays.com\/pt\/wp-json\/wp\/v2\/categories?post=117716"},{"taxonomy":"post_tag","embeddable":true,"href":"https:\/\/www.europesays.com\/pt\/wp-json\/wp\/v2\/tags?post=117716"}],"curies":[{"name":"wp","href":"https:\/\/api.w.org\/{rel}","templated":true}]}}