{"id":117718,"date":"2025-10-19T18:55:11","date_gmt":"2025-10-19T18:55:11","guid":{"rendered":"https:\/\/www.europesays.com\/pt\/117718\/"},"modified":"2025-10-19T18:55:11","modified_gmt":"2025-10-19T18:55:11","slug":"hayton-rocha-lanca-novo-livro-em-maceio-na-vespera-da-bienal-do-livro-de-alagoas","status":"publish","type":"post","link":"https:\/\/www.europesays.com\/pt\/117718\/","title":{"rendered":"Hayton Rocha lan\u00e7a novo livro em Macei\u00f3 na v\u00e9spera da Bienal do Livro de Alagoas"},"content":{"rendered":"<p>O escritor paraibano-alagoano Hayton Rocha lan\u00e7a, no pr\u00f3ximo dia 30 de outubro, \u00e0s 18h, no restaurante Bodega do Sert\u00e3o (Av. Dr. J\u00falio Marques Luz, 62 \u2013 Jati\u00faca), sua mais nova obra: O Sil\u00eancio das Tartarugas (e outras cr\u00f4nicas para desacelerar), publicada pela Astra Editora. O evento acontece na v\u00e9spera da abertura da 11\u00aa Bienal do Livro de Alagoas (31\/10 a 09\/11), funcionando como um aquecimento para o maior encontro liter\u00e1rio do estado.<\/p>\n<p>&#13;<\/p>\n<p>A colet\u00e2nea re\u00fane 40 cr\u00f4nicas, sendo 33 publicadas originalmente no Blog do Hayton entre agosto de 2024 e agosto de 2025, al\u00e9m de sete in\u00e9ditas. Escritos em tom leve, ir\u00f4nico e reflexivo, os textos convidam o leitor a \u201couvir o tempo respirar\u201d e a redescobrir a beleza do cotidiano por meio de mem\u00f3rias, cr\u00edticas sociais e observa\u00e7\u00f5es po\u00e9ticas.<\/p>\n<p>&#13;<\/p>\n<p>O pref\u00e1cio \u00e9 assinado pelo jornalista e escritor Marcelo Torres, finalista do Pr\u00eamio Jabuti 2020, que ressalta a musicalidade da escrita de Hayton:<\/p>\n<p>&#13;<\/p>\n<p>\u201cEle escreve cr\u00f4nicas como quem toca uma viola, um violino, um viol\u00e3o. Sua voz \u00e9 serena, leve e clara, capaz de puxar o leitor para uma conversa amistosa.\u201d<\/p>\n<p>&#13;<\/p>\n<p>Dividido em blocos tem\u00e1ticos \u2014 Sil\u00eancios e sonhos, Mem\u00f3ria e ra\u00edzes, Encontros e ironias, Cr\u00edtica ao conv\u00edvio social e Vis\u00f5es e reflex\u00f5es \u2014 o livro percorre temas como:<\/p>\n<p>&#13;<\/p>\n<p>&#8211; a pressa da vida moderna e a import\u00e2ncia da contempla\u00e7\u00e3o;<\/p>\n<p>&#13;<\/p>\n<p>&#8211; lembran\u00e7as da inf\u00e2ncia na Para\u00edba e em Alagoas;<\/p>\n<p>&#13;<\/p>\n<p>&#8211; reflex\u00f5es sobre a passagem do tempo;<\/p>\n<p>&#13;<\/p>\n<p>&#8211; cr\u00edticas afiadas \u00e0s contradi\u00e7\u00f5es sociais;<\/p>\n<p>&#13;<\/p>\n<p>&#8211; met\u00e1foras bem-humoradas que revelam a sabedoria da desacelera\u00e7\u00e3o.<\/p>\n<p>&#13;<\/p>\n<p>\u201cH\u00e1 de tudo: sil\u00eancios que dizem mais que discursos, amores que n\u00e3o cabem em manuais, cr\u00edticas sociais afiadas e lembran\u00e7as que voltam feito vento no port\u00e3o da inf\u00e2ncia. Da sombra das mangueiras ao ranger pregui\u00e7oso da rede na varanda, procurei costurar curiosidade, humor e lirismo como quem alinhava hist\u00f3rias no pano do tempo\u201d, afirma o autor.<\/p>\n<p>&#13;<br \/>\nServi\u00e7o&#13;<\/p>\n<p><strong>Lan\u00e7amento do livro: <\/strong>O Sil\u00eancio das Tartarugas (e outras cr\u00f4nicas para desacelerar)<\/p>\n<p>&#13;<\/p>\n<p><strong>Autor:<\/strong> Hayton Rocha<\/p>\n<p>&#13;<\/p>\n<p><strong>Data:<\/strong> quinta-feira, 30 de outubro de 2025<\/p>\n<p>&#13;<\/p>\n<p><strong>Hor\u00e1rio: <\/strong>18h<\/p>\n<p>&#13;<\/p>\n<p><strong>Local:<\/strong> Restaurante Bodega do Sert\u00e3o \u2013 Av. Dr. J\u00falio Marques Luz, 62, Jati\u00faca \u2013 Macei\u00f3\/AL<\/p>\n<p>&#13;<\/p>\n<p><strong>Editora:<\/strong> Astra<\/p>\n","protected":false},"excerpt":{"rendered":"O escritor paraibano-alagoano Hayton Rocha lan\u00e7a, no pr\u00f3ximo dia 30 de outubro, \u00e0s 18h, no restaurante Bodega do&hellip;\n","protected":false},"author":2,"featured_media":117719,"comment_status":"","ping_status":"","sticky":false,"template":"","format":"standard","meta":{"footnotes":""},"categories":[143],"tags":[9012,15039,17272,169,17269,470,17271,17270,114,115,1062,524,1428,603,170,15040,12,13,15038,1086,32,33,1180,15042,117,15047,17273],"class_list":{"0":"post-117718","1":"post","2":"type-post","3":"status-publish","4":"format-standard","5":"has-post-thumbnail","7":"category-livros","8":"tag-alagoas","9":"tag-arapiraca","10":"tag-asa","11":"tag-books","12":"tag-campeonato-alagoano","13":"tag-cinema","14":"tag-crb","15":"tag-csa","16":"tag-entertainment","17":"tag-entretenimento","18":"tag-esportes","19":"tag-futebol","20":"tag-jornalismo","21":"tag-justica","22":"tag-livros","23":"tag-maceio","24":"tag-news","25":"tag-noticias","26":"tag-palmeira-dos-indios","27":"tag-policia","28":"tag-portugal","29":"tag-pt","30":"tag-redacao","31":"tag-santana-do-ipanema","32":"tag-saude","33":"tag-sertao","34":"tag-zona-da-mata"},"share_on_mastodon":{"url":"","error":""},"_links":{"self":[{"href":"https:\/\/www.europesays.com\/pt\/wp-json\/wp\/v2\/posts\/117718","targetHints":{"allow":["GET"]}}],"collection":[{"href":"https:\/\/www.europesays.com\/pt\/wp-json\/wp\/v2\/posts"}],"about":[{"href":"https:\/\/www.europesays.com\/pt\/wp-json\/wp\/v2\/types\/post"}],"author":[{"embeddable":true,"href":"https:\/\/www.europesays.com\/pt\/wp-json\/wp\/v2\/users\/2"}],"replies":[{"embeddable":true,"href":"https:\/\/www.europesays.com\/pt\/wp-json\/wp\/v2\/comments?post=117718"}],"version-history":[{"count":0,"href":"https:\/\/www.europesays.com\/pt\/wp-json\/wp\/v2\/posts\/117718\/revisions"}],"wp:featuredmedia":[{"embeddable":true,"href":"https:\/\/www.europesays.com\/pt\/wp-json\/wp\/v2\/media\/117719"}],"wp:attachment":[{"href":"https:\/\/www.europesays.com\/pt\/wp-json\/wp\/v2\/media?parent=117718"}],"wp:term":[{"taxonomy":"category","embeddable":true,"href":"https:\/\/www.europesays.com\/pt\/wp-json\/wp\/v2\/categories?post=117718"},{"taxonomy":"post_tag","embeddable":true,"href":"https:\/\/www.europesays.com\/pt\/wp-json\/wp\/v2\/tags?post=117718"}],"curies":[{"name":"wp","href":"https:\/\/api.w.org\/{rel}","templated":true}]}}