{"id":117736,"date":"2025-10-19T19:09:12","date_gmt":"2025-10-19T19:09:12","guid":{"rendered":"https:\/\/www.europesays.com\/pt\/117736\/"},"modified":"2025-10-19T19:09:12","modified_gmt":"2025-10-19T19:09:12","slug":"cininha-de-paula-fala-do-lancamento-de-seu-primeiro-livro-de-novo-trabalho-como-atriz-e-da-serie-sobre-chico-anysio-seu-tio","status":"publish","type":"post","link":"https:\/\/www.europesays.com\/pt\/117736\/","title":{"rendered":"Cininha de Paula fala do lan\u00e7amento de seu primeiro livro, de novo trabalho como atriz e da s\u00e9rie sobre Chico Anysio, seu tio"},"content":{"rendered":"\n<p class=\" content-text__container theme-color-primary-first-letter\" data-track-category=\"Link no Texto\" data-track-links=\"\"> Ex-diretora da Globo, Cininha de Paula resolveu se desafiar em um novo universo aos 66 anos. Em parceria com Charles Daves, ela escreveu \u201cCaminhos do ator \u2013 Do palco \u00e0 c\u00e2mera\u201d, seu primeiro livro. O lan\u00e7amento acontece no pr\u00f3ximo dia 3, na Livraria Travessa de Ipanema, na Zona Sul do Rio de Janeiro. A publica\u00e7\u00e3o contar\u00e1 com um pref\u00e1cio de <a class=\"\" href=\"https:\/\/oglobo.globo.com\/tudo-sobre\/personalidade\/miguel-falabella\" rel=\"nofollow noopener\" target=\"_blank\">Miguel Falabella<\/a>, parceiro em muitos trabalhos, e uma orelha escrita por <a class=\"\" href=\"https:\/\/oglobo.globo.com\/tudo-sobre\/personalidade\/wolf-maya\" rel=\"nofollow noopener\" target=\"_blank\">Wolf Maya<\/a>, seu ex-marido. <\/p>\n<ul class=\"content-unordered-list\">\n<li><strong>M\u00e3e de Bruno Mazzeo: <\/strong><a class=\"\" href=\"https:\/\/oglobo.globo.com\/play\/entrevistas\/noticia\/2025\/10\/16\/alcione-mazzeo-fala-da-carreira-artistica-da-formacao-na-area-de-turismo-e-da-repercussao-de-serie-do-globoplay-sobre-chico-anysio-seu-ex-marido.ghtml\" rel=\"nofollow noopener\" target=\"_blank\">Alcione Mazzeo fala da carreira art\u00edstica, da forma\u00e7\u00e3o na \u00e1rea de turismo e da repercuss\u00e3o de s\u00e9rie do Globoplay sobre Chico Anysio, seu ex-marido<\/a><\/li>\n<li><strong>Leia tamb\u00e9m:<\/strong> <a class=\"\" href=\"https:\/\/oglobo.globo.com\/play\/noticia\/2025\/10\/05\/cinco-taloes-de-cheque-num-unico-dia-mais-de-r-2-mil-gastos-com-lanchonete-70-cavalos-em-documentario-filhos-e-amigos-lembram-a-ostentacao-financeira-de-chico-anysio-morreu-sem-dinheiro.ghtml\" rel=\"nofollow noopener\" target=\"_blank\">Cinco tal\u00f5es de cheque num \u00fanico dia, mais de R$ 2 mil gastos com lanchonete, 70 cavalos\u2026 Em document\u00e1rio, parentes e amigos lembram ostenta\u00e7\u00e3o financeira de Chico Anysio: &#8216;Morreu sem dinheiro&#8217;<\/a><\/li>\n<\/ul>\n<p class=\" content-text__container \" data-track-category=\"Link no Texto\" data-track-links=\"\"> \u2014 Cheguei \u00e0 conclus\u00e3o de que eu tinha um conhecimento que merecia ser transcrito. A partir da\u00ed surgiu a ideia de se fazer o livro. Fizemos uma adapta\u00e7\u00e3o de todo o contexto do nosso curso de uma forma liter\u00e1ria. \u00c9 um livro que pode ser lido tanto pelo jovem ator que est\u00e1 iniciando a carreira quanto por aquele que j\u00e1 tem uma forma\u00e7\u00e3o, mas que quer fazer uma reciclagem e revisitar algumas coisas \u2014 afirma ela, que est\u00e1 h\u00e1 20 anos \u00e0 frente do curso de teatro. <\/p>\n<p class=\" content-text__container \" data-track-category=\"Link no Texto\" data-track-links=\"\"> Cininha recentemente voltou a se aventurar na atua\u00e7\u00e3o ap\u00f3s passar 25 anos prioritariamente atr\u00e1s das c\u00e2meras. Ela rodou a nova adapta\u00e7\u00e3o para o cinema de \u201cToda nudez ser\u00e1 castigada\u201d, dirigida por Daniel Filho: <\/p>\n<p class=\" content-text__container \" data-track-category=\"Link no Texto\" data-track-links=\"\"> \u2014 \u00c9 um filme dirigido por ele aos 88 anos e com toda a sua vitalidade. \u00c9 um elenco muito divertido. E eu tive esse privil\u00e9gio de fazer Nelson Rodrigues como atriz. Foi bom me desafiar e trabalhar como atriz no cinema. <\/p>\n<p class=\" content-text__container \" data-track-category=\"Link no Texto\" data-track-links=\"\"> Ela tamb\u00e9m est\u00e1 no ar no document\u00e1rio &#8220;<a class=\"\" href=\"https:\/\/oglobo.globo.com\/tudo-sobre\/personalidade\/chico-anysio\/\" rel=\"nofollow noopener\" target=\"_blank\">Chico Anysio<\/a>: um homem \u00e0 procura de um personagem&#8221;, que revisita a vida e a carreira do seu tio. Cininha fala da proximidade dos dois: <\/p>\n<p class=\" content-text__container \" data-track-category=\"Link no Texto\" data-track-links=\"\"> \u2014 At\u00e9 nascer a Vit\u00f3ria (filha mais jovem de Chico), ele n\u00e3o tinha tido nenhuma mulher, mas eu j\u00e1 era a filha mulher dele. A minha liga\u00e7\u00e3o com o Chico Anysio \u00e9 de pai e filha. Mais do que um padrinho de profiss\u00e3o, mais do que uma pessoa com quem eu tive o privil\u00e9gio de trabalhar, mais do que o meu tio, ele foi um mentor, uma refer\u00eancia para mim. <\/p>\n<p class=\" content-text__container \" data-track-category=\"Link no Texto\" data-track-links=\"\"> Cininha estreou no teatro muito cedo, mas se formou como m\u00e9dica antes de se dedicar \u00e0 dire\u00e7\u00e3o e \u00e0 atua\u00e7\u00e3o. Ela afirma que o tio teve grande papel em sua mudan\u00e7a de carreira: <\/p>\n<p class=\" content-text__container \" data-track-category=\"Link no Texto\" data-track-links=\"\"> \u2014 Eu queria medicina e fui fazer. Quando eu estava me formando, o Chico Anysio me chamou para trabalhar. Era t\u00e3o intensa a nossa liga\u00e7\u00e3o que bastou ele olhar para mim para entender que eu estava precisando de algu\u00e9m que me resgatasse para a arte. <\/p>\n<p class=\" content-text__container \" data-track-category=\"Link no Texto\" data-track-links=\"\"> &#8220;<a class=\"\" href=\"https:\/\/oglobo.globo.com\/tudo-sobre\/programa-de-tv\/escolinha-do-professor-raimundo\" rel=\"nofollow noopener\" target=\"_blank\">Escolinha do professor Raimundo<\/a>&#8221; foi um dos v\u00e1rios programas que ela dirigiu na <a class=\"\" href=\"https:\/\/oglobo.globo.com\/tudo-sobre\/canal\/tv-globo\/\" rel=\"nofollow noopener\" target=\"_blank\">TV Globo<\/a>. Cininha lembra o fim da atra\u00e7\u00e3o, em 2001. <\/p>\n<p class=\" content-text__container \" data-track-category=\"Link no Texto\" data-track-links=\"\"> \u2014 Eu n\u00e3o estava (dirigindo) quando acabou, eu n\u00e3o presenciei esse fim. Mas eu sei que foi um sofrimento enorme para ele (Chico Anysio). N\u00f3s convers\u00e1vamos sobre isso, e ele ficou muito magoado. E essa m\u00e1goa fez com que ele ficasse mais doente. Acho que isso deu a ele uma sensa\u00e7\u00e3o de impot\u00eancia e insatisfa\u00e7\u00e3o. N\u00e3o estou culpando ningu\u00e9m, porque todos os projetos t\u00eam que come\u00e7ar e t\u00eam que terminar. Mas isso de certa forma fez doer o cora\u00e7\u00e3o dele, porque logo depois come\u00e7aram a morrer todos os velhinhos que estavam ali. Isso o machucou. <\/p>\n","protected":false},"excerpt":{"rendered":"Ex-diretora da Globo, Cininha de Paula resolveu se desafiar em um novo universo aos 66 anos. Em parceria&hellip;\n","protected":false},"author":2,"featured_media":117737,"comment_status":"","ping_status":"","sticky":false,"template":"","format":"standard","meta":{"footnotes":""},"categories":[143],"tags":[169,20482,27528,114,115,16577,170,4379,32,33,679,2323,16301],"class_list":{"0":"post-117736","1":"post","2":"type-post","3":"status-publish","4":"format-standard","5":"has-post-thumbnail","7":"category-livros","8":"tag-books","9":"tag-chico-anysio","10":"tag-chico-anysio-foi-um-nomes-mais-importantes-da-tv-brasileira-criou-e-interpretou-diversos-personagens-iconicos","11":"tag-entertainment","12":"tag-entretenimento","13":"tag-escolinha-do-professor-raimundo","14":"tag-livros","15":"tag-miguel-falabella","16":"tag-portugal","17":"tag-pt","18":"tag-reportagem","19":"tag-tv-globo","20":"tag-wolf-maya"},"share_on_mastodon":{"url":"","error":""},"_links":{"self":[{"href":"https:\/\/www.europesays.com\/pt\/wp-json\/wp\/v2\/posts\/117736","targetHints":{"allow":["GET"]}}],"collection":[{"href":"https:\/\/www.europesays.com\/pt\/wp-json\/wp\/v2\/posts"}],"about":[{"href":"https:\/\/www.europesays.com\/pt\/wp-json\/wp\/v2\/types\/post"}],"author":[{"embeddable":true,"href":"https:\/\/www.europesays.com\/pt\/wp-json\/wp\/v2\/users\/2"}],"replies":[{"embeddable":true,"href":"https:\/\/www.europesays.com\/pt\/wp-json\/wp\/v2\/comments?post=117736"}],"version-history":[{"count":0,"href":"https:\/\/www.europesays.com\/pt\/wp-json\/wp\/v2\/posts\/117736\/revisions"}],"wp:featuredmedia":[{"embeddable":true,"href":"https:\/\/www.europesays.com\/pt\/wp-json\/wp\/v2\/media\/117737"}],"wp:attachment":[{"href":"https:\/\/www.europesays.com\/pt\/wp-json\/wp\/v2\/media?parent=117736"}],"wp:term":[{"taxonomy":"category","embeddable":true,"href":"https:\/\/www.europesays.com\/pt\/wp-json\/wp\/v2\/categories?post=117736"},{"taxonomy":"post_tag","embeddable":true,"href":"https:\/\/www.europesays.com\/pt\/wp-json\/wp\/v2\/tags?post=117736"}],"curies":[{"name":"wp","href":"https:\/\/api.w.org\/{rel}","templated":true}]}}