{"id":117768,"date":"2025-10-19T19:33:14","date_gmt":"2025-10-19T19:33:14","guid":{"rendered":"https:\/\/www.europesays.com\/pt\/117768\/"},"modified":"2025-10-19T19:33:14","modified_gmt":"2025-10-19T19:33:14","slug":"pinto-luz-faz-se-a-nacional-2-para-radiografia-das-infraestruturas","status":"publish","type":"post","link":"https:\/\/www.europesays.com\/pt\/117768\/","title":{"rendered":"Pinto Luz &#8216;faz-se&#8217; \u00e0 Nacional 2 para &#8220;radiografia das infraestruturas&#8221;"},"content":{"rendered":"<p>A iniciativa do governante destina-se a obter a &#8220;radiografia das infraestruturas das regi\u00f5es&#8221; atravessadas pela estrada tur\u00edstica, ao longo de 738 quil\u00f3metros, informou o Minist\u00e9rio das Infraestruturas e Habita\u00e7\u00e3o numa nota enviada \u00e0 ag\u00eancia Lusa.<\/p>\n<p>&#8220;&#8216;Ver para Fazer&#8217; \u00e9 o mote deste roteiro ministerial por uma das estradas mais emblem\u00e1ticas do pa\u00eds, que percorre o interior de Portugal de norte a sul&#8221;, adiantou, indicando que o itiner\u00e1rio inclui &#8220;paragens e encontros com os autarcas&#8221; dos munic\u00edpios servidos pela estrada nacional 2, com vista a &#8220;combater a injusti\u00e7a territorial&#8221;.<\/p>\n<p>Para Miguel Pinto Luz, &#8220;n\u00e3o basta dizer que temos de combater a interioridade, \u00e9 preciso conhecer, ouvir de viva voz os agentes locais para conhecer as suas necessidades e dificuldades&#8221;.<\/p>\n<p>&#8220;Este Governo trabalha todos os dias para combater estas desigualdades, porque s\u00f3 teremos coes\u00e3o territorial se tivermos justi\u00e7a territorial&#8221;, afirmou o ministro, citado na nota, real\u00e7ando a import\u00e2ncia de se inteirar dos &#8220;problemas com que se deparam&#8221; os referidos 35 concelhos, bem como das propostas dos autarcas, designadamente, ao n\u00edvel das infraestruturas, da mobilidade da habita\u00e7\u00e3o, entre outras \u00e1reas.<\/p>\n<p>Com este roteiro pela EN2, &#8220;pretende-se igualmente mostrar a import\u00e2ncia de existir uma vis\u00e3o integrada das infraestruturas com as outras dimens\u00f5es sociais e econ\u00f3micas das regi\u00f5es&#8221;, para que &#8220;sirvam eficazmente os territ\u00f3rios e as popula\u00e7\u00f5es&#8221;.<\/p>\n<p>A viagem do ministro das Infraestruturas e Habita\u00e7\u00e3o come\u00e7a no dia 21, em Chaves, ao KM 0 da EN2, e termina em Faro no dia 24, ao KM 738.<\/p>\n<p>&#8220;Esta desloca\u00e7\u00e3o pela mais longa estrada nacional portuguesa resulta de um desafio lan\u00e7ado, em julho, pela Associa\u00e7\u00e3o de Munic\u00edpios da Rota da Estrada Nacional 2, que ficou naturalmente adiado para depois das elei\u00e7\u00f5es aut\u00e1rquicas&#8221;, explicou o Minist\u00e9rio.<\/p>\n<p>Miguel Pinto Luz ser\u00e1 acompanhado pelo secret\u00e1rio de Estado da Administra\u00e7\u00e3o Local e Ordenamento do Territ\u00f3rio, Silv\u00e9rio Regalado, e tamb\u00e9m, em alguns tro\u00e7os do roteiro, pelo secret\u00e1rio de Estado do Turismo, Com\u00e9rcio e Servi\u00e7os, Pedro Machado.<\/p>\n<p>Leia Tamb\u00e9m: <a href=\"https:\/\/www.noticiasaominuto.com\/economia\/2862353\/governo-rejeita-privatizacao-da-cp-mas-vai-avancar-com-subconcessoes\" target=\"_blank\" rel=\"noopener noreferrer nofollow\">Governo rejeita privatiza\u00e7\u00e3o da CP, mas vai avan\u00e7ar com &#8220;subconcess\u00f5es&#8221;<\/a><\/p>\n","protected":false},"excerpt":{"rendered":"A iniciativa do governante destina-se a obter a &#8220;radiografia das infraestruturas das regi\u00f5es&#8221; atravessadas pela estrada tur\u00edstica, ao&hellip;\n","protected":false},"author":2,"featured_media":117769,"comment_status":"","ping_status":"","sticky":false,"template":"","format":"standard","meta":{"footnotes":""},"categories":[10],"tags":[27,28,15,16,14,25,26,21,22,12,13,19,20,32,23,24,33,17,18,29,30,31],"class_list":{"0":"post-117768","1":"post","2":"type-post","3":"status-publish","4":"format-standard","5":"has-post-thumbnail","7":"category-portugal","8":"tag-breaking-news","9":"tag-breakingnews","10":"tag-featured-news","11":"tag-featurednews","12":"tag-headlines","13":"tag-latest-news","14":"tag-latestnews","15":"tag-main-news","16":"tag-mainnews","17":"tag-news","18":"tag-noticias","19":"tag-noticias-principais","20":"tag-noticiasprincipais","21":"tag-portugal","22":"tag-principais-noticias","23":"tag-principaisnoticias","24":"tag-pt","25":"tag-top-stories","26":"tag-topstories","27":"tag-ultimas","28":"tag-ultimas-noticias","29":"tag-ultimasnoticias"},"share_on_mastodon":{"url":"","error":""},"_links":{"self":[{"href":"https:\/\/www.europesays.com\/pt\/wp-json\/wp\/v2\/posts\/117768","targetHints":{"allow":["GET"]}}],"collection":[{"href":"https:\/\/www.europesays.com\/pt\/wp-json\/wp\/v2\/posts"}],"about":[{"href":"https:\/\/www.europesays.com\/pt\/wp-json\/wp\/v2\/types\/post"}],"author":[{"embeddable":true,"href":"https:\/\/www.europesays.com\/pt\/wp-json\/wp\/v2\/users\/2"}],"replies":[{"embeddable":true,"href":"https:\/\/www.europesays.com\/pt\/wp-json\/wp\/v2\/comments?post=117768"}],"version-history":[{"count":0,"href":"https:\/\/www.europesays.com\/pt\/wp-json\/wp\/v2\/posts\/117768\/revisions"}],"wp:featuredmedia":[{"embeddable":true,"href":"https:\/\/www.europesays.com\/pt\/wp-json\/wp\/v2\/media\/117769"}],"wp:attachment":[{"href":"https:\/\/www.europesays.com\/pt\/wp-json\/wp\/v2\/media?parent=117768"}],"wp:term":[{"taxonomy":"category","embeddable":true,"href":"https:\/\/www.europesays.com\/pt\/wp-json\/wp\/v2\/categories?post=117768"},{"taxonomy":"post_tag","embeddable":true,"href":"https:\/\/www.europesays.com\/pt\/wp-json\/wp\/v2\/tags?post=117768"}],"curies":[{"name":"wp","href":"https:\/\/api.w.org\/{rel}","templated":true}]}}