{"id":117770,"date":"2025-10-19T19:35:44","date_gmt":"2025-10-19T19:35:44","guid":{"rendered":"https:\/\/www.europesays.com\/pt\/117770\/"},"modified":"2025-10-19T19:35:44","modified_gmt":"2025-10-19T19:35:44","slug":"maria-desabafa-sobre-relacao-dela-com-grupo-sempre-me-senti-cafe-com-leite","status":"publish","type":"post","link":"https:\/\/www.europesays.com\/pt\/117770\/","title":{"rendered":"Maria desabafa sobre rela\u00e7\u00e3o dela com grupo: &#8216;Sempre me senti caf\u00e9 com leite&#8217;"},"content":{"rendered":"<p class=\"jarvics:base-text-neutral-high-400 base-text-[calc(theme(fontSize.xs)_*_var(--font-size,_1))] base-font-normal base-font-primary base-text-neutral-low-500 base-text-left\">Durante o Rancho deste s\u00e1bado (18), Matheus contou que joga ao lado de Wallas e Nizam afirmou que deseja reconquistar a confian\u00e7a do cantor. Para o Fazendeiro, todas as semanas eles precisam reorganizar as coisas. Maria observou que todos ali no Rancho foram negados pelos aliados em algum momento: &#8220;A gente est\u00e1 unido aqui porque de alguma forma a gente se sentiu isolado&#8221;. A influenciadora observou que Nizam foi a \u00fanica pessoa que a escutou enquanto ela se sentia &#8220;caf\u00e9 com leite&#8221; no grupo dela.<\/p>\n<p><b>Quer acompanhar tudo o que est\u00e1 rolando dentro de <a href=\"https:\/\/record.r7.com\/a-fazenda\/a-fazenda-17\/\" rel=\"nofollow noopener\" target=\"_blank\"><b>A Fazenda<\/b><\/a>? Assine o <a href=\"https:\/\/www.recordplus.com\/Live\/LiveEvent\/383?groupId=30\" rel=\"nofollow noopener\" target=\"_blank\"><b>RecordPlus.com<\/b><\/a> e tenha acesso \u00e0 transmiss\u00e3o 24 horas do reality com seis sinais exclusivos.<\/b><\/p>\n","protected":false},"excerpt":{"rendered":"Durante o Rancho deste s\u00e1bado (18), Matheus contou que joga ao lado de Wallas e Nizam afirmou que&hellip;\n","protected":false},"author":2,"featured_media":117771,"comment_status":"","ping_status":"","sticky":false,"template":"","format":"standard","meta":{"footnotes":""},"categories":[145],"tags":[657,211,210,114,115,21257,32,33],"class_list":{"0":"post-117770","1":"post","2":"type-post","3":"status-publish","4":"format-standard","5":"has-post-thumbnail","7":"category-celebridades","8":"tag-a-fazenda","9":"tag-celebridades","10":"tag-celebrities","11":"tag-entertainment","12":"tag-entretenimento","13":"tag-maria-caporusso","14":"tag-portugal","15":"tag-pt"},"share_on_mastodon":{"url":"","error":""},"_links":{"self":[{"href":"https:\/\/www.europesays.com\/pt\/wp-json\/wp\/v2\/posts\/117770","targetHints":{"allow":["GET"]}}],"collection":[{"href":"https:\/\/www.europesays.com\/pt\/wp-json\/wp\/v2\/posts"}],"about":[{"href":"https:\/\/www.europesays.com\/pt\/wp-json\/wp\/v2\/types\/post"}],"author":[{"embeddable":true,"href":"https:\/\/www.europesays.com\/pt\/wp-json\/wp\/v2\/users\/2"}],"replies":[{"embeddable":true,"href":"https:\/\/www.europesays.com\/pt\/wp-json\/wp\/v2\/comments?post=117770"}],"version-history":[{"count":0,"href":"https:\/\/www.europesays.com\/pt\/wp-json\/wp\/v2\/posts\/117770\/revisions"}],"wp:featuredmedia":[{"embeddable":true,"href":"https:\/\/www.europesays.com\/pt\/wp-json\/wp\/v2\/media\/117771"}],"wp:attachment":[{"href":"https:\/\/www.europesays.com\/pt\/wp-json\/wp\/v2\/media?parent=117770"}],"wp:term":[{"taxonomy":"category","embeddable":true,"href":"https:\/\/www.europesays.com\/pt\/wp-json\/wp\/v2\/categories?post=117770"},{"taxonomy":"post_tag","embeddable":true,"href":"https:\/\/www.europesays.com\/pt\/wp-json\/wp\/v2\/tags?post=117770"}],"curies":[{"name":"wp","href":"https:\/\/api.w.org\/{rel}","templated":true}]}}