{"id":117788,"date":"2025-10-19T19:52:25","date_gmt":"2025-10-19T19:52:25","guid":{"rendered":"https:\/\/www.europesays.com\/pt\/117788\/"},"modified":"2025-10-19T19:52:25","modified_gmt":"2025-10-19T19:52:25","slug":"eis-os-onzes-iniciais-para-a-partida-da-taca-de-portugal","status":"publish","type":"post","link":"https:\/\/www.europesays.com\/pt\/117788\/","title":{"rendered":"eis os onzes iniciais para a partida da Ta\u00e7a de Portugal"},"content":{"rendered":"<p>&#8211; Advertisement &#8211;<\/p>\n<p><strong>Pa\u00e7os de Ferreira e Sporting enfrentam-se a partir das 20h15, num encontro v\u00e1lido pela terceira eliminat\u00f3ria da Ta\u00e7a de Portugal.<\/strong><\/p>\n<p>Pa\u00e7os de Ferreira e Sporting jogam a partir das 20h15, num encontro v\u00e1lido pela terceira eliminat\u00f3ria da <a href=\"https:\/\/bolanarede.pt\/categoria\/nacional\/taca-de-portugal\/\" target=\"_blank\" rel=\"noreferrer noopener nofollow\">Ta\u00e7a de Portugal<\/a>, no \u00faltimo jogo da competi\u00e7\u00e3o que se disputa durante este s\u00e1bado. J\u00e1 s\u00e3o conhecidos os onzes iniciais.<\/p>\n<p><strong>Onze do Pa\u00e7os de Ferreira:<\/strong> Jeimes, Rafael Vieira, Tiago Ferreira, Gon\u00e7alo Cardoso, Leandro Dias, Anilson, Francisco Ramos, Jo\u00e3o Caiado, Lumungo, Costinha e Jo\u00e3o Victor<\/p>\n<p><strong>Onze do Sporting: <\/strong>Jo\u00e3o Virg\u00ednia, Georgios Vagiannidis, Eduardo Quaresma, Ousmande Diomande, Ricardo Mangas, Hidemasa Morita, Morten Hjulmand, Pedro Gon\u00e7alves, Alisson Santos, Geovany Quenda e Fotis Ioannidis<\/p>\n<p class=\"has-text-align-center\">EM ATUALIZA\u00c7\u00c3O<\/p>\n","protected":false},"excerpt":{"rendered":"&#8211; Advertisement &#8211; Pa\u00e7os de Ferreira e Sporting enfrentam-se a partir das 20h15, num encontro v\u00e1lido pela terceira&hellip;\n","protected":false},"author":2,"featured_media":117789,"comment_status":"","ping_status":"","sticky":false,"template":"","format":"standard","meta":{"footnotes":""},"categories":[8],"tags":[260,27,28,478,15,16,14,25,26,21,22,12,13,19,20,26633,32,23,24,33,34,3142,17,18,29,30,31],"class_list":{"0":"post-117788","1":"post","2":"type-post","3":"status-publish","4":"format-standard","5":"has-post-thumbnail","7":"category-principais-noticias","8":"tag-atualidade","9":"tag-breaking-news","10":"tag-breakingnews","11":"tag-destaques-bnr","12":"tag-featured-news","13":"tag-featurednews","14":"tag-headlines","15":"tag-latest-news","16":"tag-latestnews","17":"tag-main-news","18":"tag-mainnews","19":"tag-news","20":"tag-noticias","21":"tag-noticias-principais","22":"tag-noticiasprincipais","23":"tag-pacos-de-ferreira","24":"tag-portugal","25":"tag-principais-noticias","26":"tag-principaisnoticias","27":"tag-pt","28":"tag-sporting","29":"tag-taca-de-portugal","30":"tag-top-stories","31":"tag-topstories","32":"tag-ultimas","33":"tag-ultimas-noticias","34":"tag-ultimasnoticias"},"share_on_mastodon":{"url":"","error":""},"_links":{"self":[{"href":"https:\/\/www.europesays.com\/pt\/wp-json\/wp\/v2\/posts\/117788","targetHints":{"allow":["GET"]}}],"collection":[{"href":"https:\/\/www.europesays.com\/pt\/wp-json\/wp\/v2\/posts"}],"about":[{"href":"https:\/\/www.europesays.com\/pt\/wp-json\/wp\/v2\/types\/post"}],"author":[{"embeddable":true,"href":"https:\/\/www.europesays.com\/pt\/wp-json\/wp\/v2\/users\/2"}],"replies":[{"embeddable":true,"href":"https:\/\/www.europesays.com\/pt\/wp-json\/wp\/v2\/comments?post=117788"}],"version-history":[{"count":0,"href":"https:\/\/www.europesays.com\/pt\/wp-json\/wp\/v2\/posts\/117788\/revisions"}],"wp:featuredmedia":[{"embeddable":true,"href":"https:\/\/www.europesays.com\/pt\/wp-json\/wp\/v2\/media\/117789"}],"wp:attachment":[{"href":"https:\/\/www.europesays.com\/pt\/wp-json\/wp\/v2\/media?parent=117788"}],"wp:term":[{"taxonomy":"category","embeddable":true,"href":"https:\/\/www.europesays.com\/pt\/wp-json\/wp\/v2\/categories?post=117788"},{"taxonomy":"post_tag","embeddable":true,"href":"https:\/\/www.europesays.com\/pt\/wp-json\/wp\/v2\/tags?post=117788"}],"curies":[{"name":"wp","href":"https:\/\/api.w.org\/{rel}","templated":true}]}}