{"id":117790,"date":"2025-10-19T19:53:12","date_gmt":"2025-10-19T19:53:12","guid":{"rendered":"https:\/\/www.europesays.com\/pt\/117790\/"},"modified":"2025-10-19T19:53:12","modified_gmt":"2025-10-19T19:53:12","slug":"apos-decisao-da-justica-taina-militao-quebra-silencio-sobre-acao-contra-o-ex-leo-pereira","status":"publish","type":"post","link":"https:\/\/www.europesays.com\/pt\/117790\/","title":{"rendered":"Ap\u00f3s decis\u00e3o da Justi\u00e7a, Tain\u00e1 Milit\u00e3o quebra sil\u00eancio sobre a\u00e7\u00e3o contra o ex L\u00e9o Pereira"},"content":{"rendered":"<p>                                Ler resumo &#13;<\/p>\n<p data-start=\"0\" data-end=\"302\" data-is-last-node=\"\" data-is-only-node=\"\">Tain\u00e1 Castro Milit\u00e3o se pronunciou sobre processo judicial envolvendo divis\u00e3o de bens com o ex-companheiro, o jogador L\u00e9o Pereira. A influencer explicou por que entrou com a a\u00e7\u00e3o e citou o descumprimento de um acordo entre as partes.<\/p>\n<p>&#13;<\/p>\n<p><a href=\"https:\/\/hugogloss.uol.com.br\/tag\/tain\u00e1-milit\u00e3o\" target=\"_blank\" rel=\"noopener nofollow\">Tain\u00e1 Castro Milit\u00e3o<\/a> se pronunciou sobre o processo judicial que envolve a divis\u00e3o de bens com o ex-companheiro, <a href=\"https:\/\/hugogloss.uol.com.br\/tag\/l\u00e9o-pereira\" target=\"_blank\" rel=\"noopener nofollow\">L\u00e9o Pereira<\/a>. Em nota enviada ao portal de Leo Dias, neste domingo (19), a influencer explicou que entrou com a a\u00e7\u00e3o ap\u00f3s o jogador atrasar o pagamento de sua parte. Al\u00e9m disso, ela enfatizou que queria \u201cresguardar seus direitos\u201d dentro da lei.<\/p>\n<p>\u201cEm respeito a todos que acompanham minha trajet\u00f3ria e diante das recentes publica\u00e7\u00f5es sobre um processo judicial envolvendo a divis\u00e3o de bens com meu ex-companheiro, venho esclarecer os fatos de forma transparente\u201d, iniciou Tain\u00e1, citando o descumprimento de um acordo firmado entre as partes.<\/p>\n<p>Segundo ela, L\u00e9o s\u00f3 efetuou o pagamento da parte que lhe cabia dez meses ap\u00f3s o per\u00edodo determinado. \u201cO processo teve in\u00edcio porque, ap\u00f3s o prazo legal de 30 dias para o pagamento da parte que lhe cabia na divis\u00e3o de bens, o valor n\u00e3o foi pago. Diante disso, seguindo orienta\u00e7\u00e3o jur\u00eddica, foi necess\u00e1rio entrar com uma a\u00e7\u00e3o para garantir o cumprimento do que j\u00e1 havia sido acordado\u201d, afirmou.<\/p>\n<p>Na \u00e9poca, o processo j\u00e1 estava em andamento, de acordo com Tain\u00e1. \u201cCerca de dez meses depois, conforme os registros, o pagamento foi realizado. No entanto, como o processo j\u00e1 estava em andamento, houve a continuidade natural da a\u00e7\u00e3o, com a incid\u00eancia de juros e encargos referentes ao per\u00edodo de atraso\u201d, detalhou.<\/p>\n<p> <img loading=\"lazy\" decoding=\"async\" class=\"size-medium wp-image-1189054 img-fluid lazy\" alt=\"\" width=\"617\" height=\"347\" src=\"https:\/\/www.europesays.com\/pt\/wp-content\/uploads\/2025\/10\/HEAD-HG-1-19-617x347.png\"  \/>Tain\u00e1 j\u00e1 havia perdido processo na Justi\u00e7a contra L\u00e9o (Foto: Reprodu\u00e7\u00e3o\/Instagram) <\/p>\n<p>Em seguida, a influencer reagiu \u00e0 decis\u00e3o que lhe determinou pagar os honor\u00e1rios do processo. \u201cPosteriormente, o juiz entendeu que caberia a mim o pagamento de honor\u00e1rios, por ter sido reconhecido o pagamento por parte dele. Entretanto, essa decis\u00e3o n\u00e3o levou em considera\u00e7\u00e3o o atraso significativo no cumprimento da obriga\u00e7\u00e3o. Por isso, ingressei com um recurso, comprovando os atrasos e solicitando o esclarecimento e a revis\u00e3o dessa decis\u00e3o\u201d, justificou.<\/p>\n<p>Por fim, Tain\u00e1 disse que n\u00e3o tem o objetivo de prejudicar L\u00e9o. \u201cRefor\u00e7o que nunca houve qualquer inten\u00e7\u00e3o de agir de forma indevida e que apenas busquei, dentro da lei, assegurar meus direitos diante de um descumprimento. Agrade\u00e7o a compreens\u00e3o e reitero meu compromisso com a verdade e com a resolu\u00e7\u00e3o harmoniosa dessa situa\u00e7\u00e3o\u201d, concluiu ela.<\/p>\n<p> Continua depois da Publicidade <\/p>\n<p><strong>Perda na Justi\u00e7a<\/strong><\/p>\n<p>Ainda ontem (18), o jornal Extra comunicou que <a href=\"https:\/\/hugogloss.uol.com.br\/famosos\/justica-toma-decisao-em-processo-de-pensao-movido-por-taina-militao-contra-leo-pereira\/\" target=\"_blank\" rel=\"noopener nofollow\">Tain\u00e1 Milit\u00e3o perdeu o processo sobre pens\u00f5es<\/a> supostamente atrasadas que moveu contra L\u00e9o Pereira.<\/p>\n<p>O juiz F\u00e1bio Marques Brand\u00e3o, da 2\u00aa Vara de Fam\u00edlia da Barra da Tijuca, entendeu que o pagamento de R$ 2 milh\u00f5es foi efetuado pelo jogador um dia ap\u00f3s a defini\u00e7\u00e3o do valor, o que tornou as alega\u00e7\u00f5es da influencer\u00a0infundadas e pouco cr\u00edveis. A a\u00e7\u00e3o foi apresentada pela influenciadora dez meses depois.<\/p>\n<p> <img loading=\"lazy\" decoding=\"async\" class=\"size-medium wp-image-1188994 img-fluid lazy\" alt=\"\" width=\"482\" height=\"499\" src=\"https:\/\/www.europesays.com\/pt\/wp-content\/uploads\/2025\/10\/Leo-e-Taina-ao-lado-dos-filhos-Matteo-e-Helena-482x499.jpg\"  \/>L\u00e9o e Tain\u00e1 ao lado dos filhos, Matteo e Helena (Foto: Reprodu\u00e7\u00e3o\/Instagram) Continua depois da Publicidade <\/p>\n<p>O magistrado ainda isentou Pereira de qualquer pagamento a mais para a ex-mulher. Desta forma, Tain\u00e1 ter\u00e1 que pagar\u00a0 cerca de R$ 200 mil dos honor\u00e1rios dos advogados, al\u00e9m das custas processuais. A quantia representa 10% do valor exigido por ela.<\/p>\n<p>\u201cN\u00e3o \u00e9 poss\u00edvel acreditar que a autora n\u00e3o teria conhecimento do pagamento neste intervalo de mais de dez meses, entre a data do adimplemento total e a da intima\u00e7\u00e3o do r\u00e9u\u201d, declarou Brand\u00e3o.<\/p>\n<p>                                                                    <a id=\"google-news\" class=\"google-news\" href=\"https:\/\/news.google.com\/publications\/CAAqBwgKMM6ViAswv82GAw?ceid=BR:pt-419&amp;amp;oc=3&amp;amp;hl=pt-BR&amp;amp;gl=BR\" target=\"_blank\" rel=\"nofollow noopener\"><\/p>\n<p>                                            Siga a <strong> Hugo Gloss no Google News<\/strong> e acompanhe nossos destaques<\/p>\n<p>                                    <\/a><\/p>\n","protected":false},"excerpt":{"rendered":"Ler resumo &#13; Tain\u00e1 Castro Milit\u00e3o se pronunciou sobre processo judicial envolvendo divis\u00e3o de bens com o ex-companheiro,&hellip;\n","protected":false},"author":2,"featured_media":117791,"comment_status":"","ping_status":"","sticky":false,"template":"","format":"standard","meta":{"footnotes":""},"categories":[145],"tags":[211,210,114,115,12419,27529,32,4685,33,27530],"class_list":{"0":"post-117790","1":"post","2":"type-post","3":"status-publish","4":"format-standard","5":"has-post-thumbnail","7":"category-celebridades","8":"tag-celebridades","9":"tag-celebrities","10":"tag-entertainment","11":"tag-entretenimento","12":"tag-leo-pereira","13":"tag-pensao","14":"tag-portugal","15":"tag-processo","16":"tag-pt","17":"tag-taina-militao"},"share_on_mastodon":{"url":"","error":""},"_links":{"self":[{"href":"https:\/\/www.europesays.com\/pt\/wp-json\/wp\/v2\/posts\/117790","targetHints":{"allow":["GET"]}}],"collection":[{"href":"https:\/\/www.europesays.com\/pt\/wp-json\/wp\/v2\/posts"}],"about":[{"href":"https:\/\/www.europesays.com\/pt\/wp-json\/wp\/v2\/types\/post"}],"author":[{"embeddable":true,"href":"https:\/\/www.europesays.com\/pt\/wp-json\/wp\/v2\/users\/2"}],"replies":[{"embeddable":true,"href":"https:\/\/www.europesays.com\/pt\/wp-json\/wp\/v2\/comments?post=117790"}],"version-history":[{"count":0,"href":"https:\/\/www.europesays.com\/pt\/wp-json\/wp\/v2\/posts\/117790\/revisions"}],"wp:featuredmedia":[{"embeddable":true,"href":"https:\/\/www.europesays.com\/pt\/wp-json\/wp\/v2\/media\/117791"}],"wp:attachment":[{"href":"https:\/\/www.europesays.com\/pt\/wp-json\/wp\/v2\/media?parent=117790"}],"wp:term":[{"taxonomy":"category","embeddable":true,"href":"https:\/\/www.europesays.com\/pt\/wp-json\/wp\/v2\/categories?post=117790"},{"taxonomy":"post_tag","embeddable":true,"href":"https:\/\/www.europesays.com\/pt\/wp-json\/wp\/v2\/tags?post=117790"}],"curies":[{"name":"wp","href":"https:\/\/api.w.org\/{rel}","templated":true}]}}