{"id":117792,"date":"2025-10-19T19:57:02","date_gmt":"2025-10-19T19:57:02","guid":{"rendered":"https:\/\/www.europesays.com\/pt\/117792\/"},"modified":"2025-10-19T19:57:02","modified_gmt":"2025-10-19T19:57:02","slug":"comida-tem-dono-saiba-tudo-sobre-os-fiscais-de-prato-de-a-fazenda-17-record","status":"publish","type":"post","link":"https:\/\/www.europesays.com\/pt\/117792\/","title":{"rendered":"Comida tem dono? Saiba tudo sobre os \u2018fiscais de prato\u2019 de A Fazenda 17 \u2013 Record"},"content":{"rendered":"<p><img decoding=\"async\" data-chromatic=\"ignore\" alt=\"\" class=\"c-image\" loading=\"lazy\" src=\"https:\/\/www.europesays.com\/pt\/wp-content\/uploads\/2025\/10\/JYBUZGYRUJEPBHAQMLY3WMP72A.jpeg\"  width=\"677\" height=\"369\"\/>Yon\u00e1 est\u00e1 na linha de frente contra o movimento Arte\/R7 <\/p>\n<p class=\"jarvics:base-text-neutral-high-400 base-text-[calc(theme(fontSize.xs)_*_var(--font-size,_1))] base-font-normal base-font-primary base-text-neutral-low-500 base-text-left\">N\u00e3o \u00e9 novidade que al\u00e9m dos pe\u00f5es, a despensa de <a href=\"https:\/\/record.r7.com\/a-fazenda\/a-fazenda-17\/\" target=\"_self\" rel=\"nofollow noopener\" title=\"https:\/\/record.r7.com\/a-fazenda\/a-fazenda-17\/\"><b>A Fazenda 17<\/b><\/a> est\u00e1 dividida. Mas, voc\u00ea sabe como tudo isso come\u00e7ou? Considerados percussores da \u201csegrega\u00e7\u00e3o alimentar\u201d, <a href=\"https:\/\/record.r7.com\/a-fazenda\/a-fazenda-17\/peoes\/fernando-sampaio\" target=\"_self\" rel=\"nofollow noopener\" title=\"https:\/\/record.r7.com\/a-fazenda\/a-fazenda-17\/peoes\/fernando-sampaio\"><b>Fernando Sampaio<\/b><\/a> e <a href=\"https:\/\/record.r7.com\/a-fazenda\/a-fazenda-17\/peoes\/martina-sanzi\" target=\"_self\" rel=\"nofollow noopener\" title=\"https:\/\/record.r7.com\/a-fazenda\/a-fazenda-17\/peoes\/martina-sanzi\"><b>Michelle Barros<\/b><\/a> deram uma sugest\u00e3o no in\u00edcio do confinamento que tomou propor\u00e7\u00f5es inimagin\u00e1veis. <\/p>\n<p class=\"jarvics:base-text-neutral-high-400 base-text-[calc(theme(fontSize.xs)_*_var(--font-size,_1))] base-font-normal base-font-primary base-text-neutral-low-500 base-text-left\">Seja por afinidades ou estrat\u00e9gia de jogo, a pe\u00e3ozada n\u00e3o demorou para firmar alian\u00e7as no game. Divididos entre Grup\u00e3o e Equipe Total, os competidores acabaram levando a rivalidade tamb\u00e9m para a cozinha e a coisa ficou feia. <\/p>\n<p class=\"jarvics:base-text-neutral-high-400 base-text-[calc(theme(fontSize.xs)_*_var(--font-size,_1))] base-font-normal base-font-primary base-text-neutral-low-500 base-text-left\">Desde a primeira semana no reality rural, o ator e a jornalista tomaram a iniciativa de cozinhar e assumiram as r\u00e9deas do fog\u00e3o. Contudo, ao perceberem que nem todos os pe\u00f5es ajudavam nas atividades dom\u00e9sticas e consumiam igualmente da comida, eles resolveram mudar as coisas. <\/p>\n<p class=\"jarvics:base-text-neutral-high-400 base-text-[calc(theme(fontSize.xs)_*_var(--font-size,_1))] base-font-normal base-font-primary base-text-neutral-low-500 base-text-left\">Al\u00e9m da falta de proatividade, os \u201cchefs\u201d notaram que alguns competidores estavam exagerando a m\u00e3o na hora de se servir. Por isso, Michelle, com o apoio de Fernando, prop\u00f4s fracionar a comida disponibilizada pela produ\u00e7\u00e3o entre os dois grupos. <\/p>\n<ul class=\"b-article-body__list-unordered\">\n<li><b>Quer ficar por dentro de tudo que est\u00e1 acontecendo em\u00a0<\/b><b>A Fazenda 17<\/b><b>?\u00a0<\/b><a href=\"https:\/\/www.whatsapp.com\/channel\/0029Va2cJIR1noz2ahzX0D1N\" rel=\"nofollow noopener\" title=\"https:\/\/www.whatsapp.com\/channel\/0029Va2cJIR1noz2ahzX0D1N\" target=\"_blank\"><b>Clique aqui<\/b><\/a><b>\u00a0e fa\u00e7a parte do nosso canal no WhatsApp!<\/b><\/li>\n<\/ul>\n<p class=\"jarvics:base-text-neutral-high-400 base-text-[calc(theme(fontSize.xs)_*_var(--font-size,_1))] base-font-normal base-font-primary base-text-neutral-low-500 base-text-left\">Contudo, por ter uma menor quantidade de integrantes, a Equipe Total saiu em desvantagem nesse acordo. A primeira \u201cvoz da oposi\u00e7\u00e3o\u201d ao movimento foi <a href=\"https:\/\/record.r7.com\/a-fazenda\/a-fazenda-17\/peoes\/gaby-spanic\" target=\"_self\" rel=\"nofollow noopener\" title=\"https:\/\/record.r7.com\/a-fazenda\/a-fazenda-17\/peoes\/gaby-spanic\"><b>Gaby Spanic<\/b><\/a> que soltou o verbo sobre o assunto na din\u00e2mica <a href=\"https:\/\/record.r7.com\/a-fazenda\/a-fazenda-17\/novidades\/fotos\/agua-na-cara-encaradas-e-xingamentos-dinamica-ferra-peao-incendeia-a-fazenda-17-30092025\/\" target=\"_self\" rel=\"nofollow noopener\" title=\"https:\/\/record.r7.com\/a-fazenda\/a-fazenda-17\/novidades\/fotos\/agua-na-cara-encaradas-e-xingamentos-dinamica-ferra-peao-incendeia-a-fazenda-17-30092025\/\"><b>Ferra Pe\u00e3o<\/b><\/a>. <\/p>\n<p class=\"jarvics:base-text-neutral-high-400 base-text-[calc(theme(fontSize.xs)_*_var(--font-size,_1))] base-font-normal base-font-primary base-text-neutral-low-500 base-text-left\">Ao ferroar Fernando, a atriz garantiu que nunca foi a favor da decis\u00e3o e o ator explicou: \u201cEu e a Michelle fizemos milagre para conseguir fazer comida e as pessoas se alimentarem. A gente tentou organizar a alimenta\u00e7\u00e3o para que n\u00e3o fic\u00e1ssemos sem comida\u201d. <\/p>\n<p><b>Confira:<\/b> <\/p>\n<p class=\"jarvics:base-text-neutral-high-400 base-text-[calc(theme(fontSize.xs)_*_var(--font-size,_1))] base-font-normal base-font-primary base-text-neutral-low-500 base-text-left\">Desde ent\u00e3o, a situa\u00e7\u00e3o s\u00f3 piorou. Outra grande opositora da divis\u00e3o alimentar foi <a href=\"https:\/\/record.r7.com\/a-fazenda\/a-fazenda-17\/peoes\/yona-sousa\" target=\"_self\" rel=\"nofollow noopener\" title=\"https:\/\/record.r7.com\/a-fazenda\/a-fazenda-17\/peoes\/yona-sousa\"><b>Yon\u00e1 Sousa<\/b><\/a>. A peoa sempre deixou claro que, apesar de todos na sede estarem seguindo o combinado, ela comeria o que fosse posto na mesa, independentemente do \u201cdono\u201d. <\/p>\n<p class=\"jarvics:base-text-neutral-high-400 base-text-[calc(theme(fontSize.xs)_*_var(--font-size,_1))] base-font-normal base-font-primary base-text-neutral-low-500 base-text-left\">Nem a divis\u00e3o entre as geladeiras impediu Yon\u00e1 de seguir sua alimenta\u00e7\u00e3o sem regras. A peoa chegou a comer algumas refei\u00e7\u00f5es preparadas pelo Grup\u00e3o, gerando ainda mais caos. Primeiro, ela <a href=\"https:\/\/record.r7.com\/a-fazenda\/a-fazenda-17\/novidades\/yona-sousa-e-luiz-mesquita-comem-macarrao-e-grupao-se-revolta-era-nosso-02102025\/\" target=\"_self\" rel=\"nofollow noopener\" title=\"https:\/\/record.r7.com\/a-fazenda\/a-fazenda-17\/novidades\/yona-sousa-e-luiz-mesquita-comem-macarrao-e-grupao-se-revolta-era-nosso-02102025\/\"><b>pegou uma macarronada<\/b><\/a> sem permiss\u00e3o e os burburinhos correram soltos. <\/p>\n<p><b>Esconde-esconde de alimentos<\/b><\/p>\n<p class=\"jarvics:base-text-neutral-high-400 base-text-[calc(theme(fontSize.xs)_*_var(--font-size,_1))] base-font-normal base-font-primary base-text-neutral-low-500 base-text-left\">Percebendo que, mesmo com mais integrantes, a alian\u00e7a rival parecia ter mais alimentos \u00e0 disposi\u00e7\u00e3o, os integrantes da Equipe Total resolveram investigar o caso e as descobertas foram chocantes. <\/p>\n<p class=\"jarvics:base-text-neutral-high-400 base-text-[calc(theme(fontSize.xs)_*_var(--font-size,_1))] base-font-normal base-font-primary base-text-neutral-low-500 base-text-left\">Os pe\u00f5es aproveitaram uma madrugada para explorar a despensa e encontraram os mais variados tipos de alimentos escondidos. Eles resolveram dar o troco e, al\u00e9m de aproveitarem para comer o que acharam, criaram novos esconderijos para os alimentos. <\/p>\n<p class=\"jarvics:base-text-neutral-high-400 base-text-[calc(theme(fontSize.xs)_*_var(--font-size,_1))] base-font-normal base-font-primary base-text-neutral-low-500 base-text-left\">Contudo, o plano logo foi descoberto e uma <a href=\"https:\/\/record.r7.com\/a-fazenda\/a-fazenda-17\/novidades\/fotos\/cozinha-ou-trincheira-entenda-a-guerra-de-comida-de-a-fazenda-17-03102025\/\" target=\"_self\" rel=\"nofollow noopener\" title=\"https:\/\/record.r7.com\/a-fazenda\/a-fazenda-17\/novidades\/fotos\/cozinha-ou-trincheira-entenda-a-guerra-de-comida-de-a-fazenda-17-03102025\/\"><b>guerra por comida<\/b><\/a> tomou conta da sede. <\/p>\n<p class=\"jarvics:base-text-neutral-high-400 base-text-[calc(theme(fontSize.xs)_*_var(--font-size,_1))] base-font-normal base-font-primary base-text-neutral-low-500 base-text-left\">Na manh\u00e3 seguinte, a racionaliza\u00e7\u00e3o dos alimentos se intensificou e os integrantes de ambos os grupos chegaram a se reunir na mesa de refei\u00e7\u00f5es para fazer todas as divis\u00f5es poss\u00edveis. <\/p>\n<p class=\"jarvics:base-text-neutral-high-400 base-text-[calc(theme(fontSize.xs)_*_var(--font-size,_1))] base-font-normal base-font-primary base-text-neutral-low-500 base-text-left\">Em conjunto, os pe\u00f5es oponentes retiraram todos os alimentos da despensa e espalharam para visualizar melhor os itens, se deparando com uma verdadeira fartura. <\/p>\n<p><img decoding=\"async\" data-chromatic=\"ignore\" alt=\"\" class=\"c-image\" loading=\"lazy\" src=\"https:\/\/www.europesays.com\/pt\/wp-content\/uploads\/2025\/10\/454R7XZQVBG3DDDT4XF6VT3UGM.png\"  width=\"677\" height=\"339\"\/>Os rivais se uniram para reafirmar a segrega\u00e7\u00e3o entre eles Reprodu\u00e7\u00e3o\/RecordPlus <\/p>\n<p class=\"jarvics:base-text-neutral-high-400 base-text-[calc(theme(fontSize.xs)_*_var(--font-size,_1))] base-font-normal base-font-primary base-text-neutral-low-500 base-text-left\">Mesmo assim, Yon\u00e1 se manteve contra o sistema e chegou a <a href=\"https:\/\/record.r7.com\/a-fazenda\/a-fazenda-17\/novidades\/yona-sousa-chora-por-divisao-de-comida-e-creo-kellab-rebate-nem-lagrima-tem-03102025\/\" target=\"_self\" rel=\"nofollow noopener\" title=\"https:\/\/record.r7.com\/a-fazenda\/a-fazenda-17\/novidades\/yona-sousa-chora-por-divisao-de-comida-e-creo-kellab-rebate-nem-lagrima-tem-03102025\/\"><b>desabar em l\u00e1grimas<\/b><\/a> ao ver o rumo que os pe\u00f5es estavam tomando. A coisa ficou t\u00e3o s\u00e9ria que Michelle sugeriu a divis\u00e3o at\u00e9 mesmo de temperos como o sal. <\/p>\n<p class=\"jarvics:base-text-neutral-high-400 base-text-[calc(theme(fontSize.xs)_*_var(--font-size,_1))] base-font-normal base-font-primary base-text-neutral-low-500 base-text-left\">Contudo, a situa\u00e7\u00e3o come\u00e7ou a apertar para o Grup\u00e3o, j\u00e1 que agora n\u00e3o havia mais o estoque de comidas escondidas. <\/p>\n<p class=\"jarvics:base-text-neutral-high-400 base-text-[calc(theme(fontSize.xs)_*_var(--font-size,_1))] base-font-normal base-font-primary base-text-neutral-low-500 base-text-left\">Por serem a alian\u00e7a com maior quantidade de integrantes, o grupo passou a lidar com uma suposta falta de suprimentos interna e Fernando chegou a sugerir para os seus aliados uma <a href=\"https:\/\/record.r7.com\/a-fazenda\/a-fazenda-17\/novidades\/fernando-sampaio-sugere-divisao-individual-de-alimentos-na-sede-quando-vou-comer-nao-tem-09102025\/\" target=\"_self\" rel=\"nofollow noopener\" title=\"https:\/\/record.r7.com\/a-fazenda\/a-fazenda-17\/novidades\/fernando-sampaio-sugere-divisao-individual-de-alimentos-na-sede-quando-vou-comer-nao-tem-09102025\/\"><b>divis\u00e3o individual dos alimentos<\/b><\/a>. <\/p>\n<p class=\"jarvics:base-text-neutral-high-400 base-text-[calc(theme(fontSize.xs)_*_var(--font-size,_1))] base-font-normal base-font-primary base-text-neutral-low-500 base-text-left\">Por\u00e9m, a ideia parecia invi\u00e1vel e o ator aproveitou uma iniciativa de <a href=\"https:\/\/record.r7.com\/a-fazenda\/a-fazenda-17\/peoes\/tamires-assis\" target=\"_self\" rel=\"nofollow noopener\" title=\"https:\/\/record.r7.com\/a-fazenda\/a-fazenda-17\/peoes\/tamires-assis\"><b>T\u00e0mires Ass\u00ees<\/b><\/a> para reverter a situa\u00e7\u00e3o. A cunh\u00e3, visando a uni\u00e3o da sede, prop\u00f4s o fim da divis\u00e3o aliment\u00edcia e teve a ideia abra\u00e7ada por Fernando. <\/p>\n<p class=\"jarvics:base-text-neutral-high-400 base-text-[calc(theme(fontSize.xs)_*_var(--font-size,_1))] base-font-normal base-font-primary base-text-neutral-low-500 base-text-left\">Percebendo que a segrega\u00e7\u00e3o estava come\u00e7ando a prejudicar apenas Grup\u00e3o e n\u00e3o a Equipe Total, alguns integrantes da alian\u00e7a menor se mantiveram contra o fim da pol\u00edtica estabelecida pelos rivais.<\/p>\n<p><b>Assista:<\/b><video controls=\"\" class=\"video-js\" preload=\"metadata\" poster=\"https:\/\/d22yf0mxeu0gma.cloudfront.net\/10-10-2025\/t_b9694dd0e9814f96b619445b1b7b799d_name_file_960x540_1600_v4_.jpg\" title=\"Fernando e T&#xE0;mires prop&#xF5;em fim da divis&#xE3;o de grupos nas refei&#xE7;&#xF5;es | A Fazenda 17\" data-sprite-url=\"\" data-metadata=\"{&quot;title&quot;:&quot;Fernando e T&#xE0;mires prop&#xF5;em fim da divis&#xE3;o de grupos nas refei&#xE7;&#xF5;es | A Fazenda 17&quot;,&quot;sectionName&quot;:&quot;R7&quot;,&quot;mainSection&quot;:&quot;Novidades&quot;,&quot;subSection&quot;:&quot;&quot;,&quot;views&quot;:&quot;&quot;,&quot;disableAdv&quot;:&quot;false&quot;,&quot;createdDate&quot;:&quot;2025-10-10T01:53:00Z&quot;,&quot;mainSectionUrl&quot;:&quot;https:\/\/record.r7.com\/a-fazenda\/a-fazenda-17\/na-tv\/video\/fernando-e-tamires-propoem-fim-da-divisao-de-grupos-nas-refeicoes-a-fazenda-17-10102025\/&quot;,&quot;sectionPath&quot;:&quot;https:\/\/record.r7.com\/a-fazenda\/a-fazenda-17\/na-tv&quot;,&quot;ageRating&quot;:&quot;&quot;,&quot;ageRatingDescription&quot;:&quot;&quot;,&quot;duration&quot;:443626,&quot;playerUrl&quot;:&quot;https:\/\/record.r7.com\/player\/c37432ff-069b-4f6f-935a-f76dfa93feff\/&quot;}\" data-player-params=\"{&quot;p&quot;:&quot;true&quot;,&quot;autoPlay&quot;:&quot;false&quot;,&quot;logo&quot;:&quot;true&quot;,&quot;playlistId&quot;:&quot;false&quot;,&quot;calhau&quot;:&quot;false&quot;,&quot;share&quot;:&quot;true&quot;,&quot;sz&quot;:&quot;false&quot;,&quot;full&quot;:&quot;true&quot;,&quot;customAdHash&quot;:&quot;\/7542\/recordtv\/afazenda&quot;,&quot;referrerUrl&quot;:&quot;&quot;,&quot;externalLinks&quot;:&quot;true&quot;,&quot;debug&quot;:&quot;false&quot;,&quot;debugHash&quot;:&quot;false&quot;,&quot;debugRelated&quot;:&quot;false&quot;,&quot;timerRelated&quot;:&quot;true&quot;,&quot;logoRecord&quot;:&quot;false&quot;,&quot;contextModal&quot;:&quot;false&quot;,&quot;parentUrl&quot;:&quot;https:\/\/record.r7.com\/&quot;,&quot;t&quot;:&quot;0&quot;,&quot;noTitle&quot;:false,&quot;endBehavior&quot;:&quot;default&quot;}\" data-related-videos=\"[{&quot;title&quot;:&quot;Yon&#xE1; se desentende com Matheus por conta de divis&#xE3;o de carne no almo&#xE7;o | A Fazenda 17&quot;,&quot;thumb&quot;:&quot;https:\/\/d22yf0mxeu0gma.cloudfront.net\/10-19-2025\/t_4a67801c7c434a9db24aa3043bc6fb02_name_file_960x540_1600_v4_.jpg&quot;,&quot;url&quot;:&quot;https:\/\/record.r7.com\/a-fazenda\/a-fazenda-17\/24-horas\/video\/yona-se-desentende-com-matheus-por-conta-de-divisao-de-carne-no-almoco-a-fazenda-17-19102025\/&quot;,&quot;embedUrl&quot;:&quot;https:\/\/record.r7.com\/player\/28c3c344-7439-4809-8f98-303aace0d11a\/&quot;},{&quot;title&quot;:&quot;Wallas declara guerra a Yon&#xE1; e a quem se aliar a ela: 'Pode considerar meu inimigo' | A Fazenda 17&quot;,&quot;thumb&quot;:&quot;https:\/\/d22yf0mxeu0gma.cloudfront.net\/10-19-2025\/t_5a58428e2d0649fe99c0642e95a75d6d_name_file_960x540_1600_v4_.jpg&quot;,&quot;url&quot;:&quot;https:\/\/record.r7.com\/a-fazenda\/a-fazenda-17\/24-horas\/video\/wallas-declara-guerra-a-yona-e-a-quem-se-aliar-a-ela-pode-considerar-meu-inimigo-a-fazenda-17-19102025\/&quot;,&quot;embedUrl&quot;:&quot;https:\/\/record.r7.com\/player\/4c4c3197-164a-4b53-a8ea-0118a569984b\/&quot;},{&quot;title&quot;:&quot;Carol e Rayane trocam figurinhas sobre relacionamentos: 'Sou muito mimada pelo Belo' | A Fazenda 17&quot;,&quot;thumb&quot;:&quot;https:\/\/d22yf0mxeu0gma.cloudfront.net\/10-19-2025\/t_1309a5b839574eedabbafe2109e9748d_name_file_960x540_1600_v4_.jpg&quot;,&quot;url&quot;:&quot;https:\/\/record.r7.com\/a-fazenda\/a-fazenda-17\/24-horas\/video\/carol-e-rayane-trocam-figurinhas-sobre-relacionamentos-sou-muito-mimada-pelo-belo-a-fazenda-17-19102025\/&quot;,&quot;embedUrl&quot;:&quot;https:\/\/record.r7.com\/player\/c5deb767-2edb-4407-bf1b-7f69085c3d6d\/&quot;}]\" data-player-url=\"https:\/\/record.r7.com\/player\/c37432ff-069b-4f6f-935a-f76dfa93feff\/\" data-arc-video=\"\" data-arc-id=\"c37432ff-069b-4f6f-935a-f76dfa93feff\" data-short=\"false\" style=\"visibility:hidden\"><\/video><\/p>\n<p class=\"jarvics:base-text-neutral-high-400 base-text-[calc(theme(fontSize.xs)_*_var(--font-size,_1))] base-font-normal base-font-primary base-text-neutral-low-500 base-text-left\">Determinado a instaurar o caos sempre que poss\u00edvel, <a href=\"https:\/\/record.r7.com\/a-fazenda\/a-fazenda-17\/peoes\/dudu-camargo\" target=\"_self\" rel=\"nofollow noopener\" title=\"https:\/\/record.r7.com\/a-fazenda\/a-fazenda-17\/peoes\/dudu-camargo\"><b>Dudu Camargo<\/b><\/a> aproveitou a sua segunda delega\u00e7\u00e3o de tarefas como Fazendeiro na quinta (9) para fazer uma enquete sobre quem era a favor ou contra a nova ideia. <\/p>\n<p class=\"jarvics:base-text-neutral-high-400 base-text-[calc(theme(fontSize.xs)_*_var(--font-size,_1))] base-font-normal base-font-primary base-text-neutral-low-500 base-text-left\">Cansada do assunto, Yon\u00e1 n\u00e3o hesitou em se mostrar contra qualquer vertente da divis\u00e3o e deixou avisado que manteria a mesma postura na cozinha. Ou seja, \u201catacaria\u201d o que visse pela frente. <\/p>\n<p class=\"jarvics:base-text-neutral-high-400 base-text-[calc(theme(fontSize.xs)_*_var(--font-size,_1))] base-font-normal base-font-primary base-text-neutral-low-500 base-text-left\">\u201cN\u00e3o concordo com nada. Ningu\u00e9m veio aqui para ficar fazendo supermercado. Inclusive, acho rid\u00edculo isso. Vou comer o que tiver. Deixa de mis\u00e9ria, uma vergonha\u201d. <\/p>\n<p><b>Se liga: <\/b><\/p>\n<p class=\"jarvics:base-text-neutral-high-400 base-text-[calc(theme(fontSize.xs)_*_var(--font-size,_1))] base-font-normal base-font-primary base-text-neutral-low-500 base-text-left\">Para provar que n\u00e3o falou da boca para fora, a advogada planejou uma revolu\u00e7\u00e3o no almo\u00e7o do mesmo dia. Ao ver <a href=\"https:\/\/record.r7.com\/a-fazenda\/a-fazenda-17\/peoes\/nizam-hayek\" target=\"_self\" rel=\"nofollow noopener\" title=\"https:\/\/record.r7.com\/a-fazenda\/a-fazenda-17\/peoes\/nizam-hayek\"><b>Nizam Hayek<\/b><\/a> e <a href=\"https:\/\/record.r7.com\/a-fazenda\/a-fazenda-17\/peoes\/martina-sanzi\" target=\"_self\" rel=\"nofollow noopener\" title=\"https:\/\/record.r7.com\/a-fazenda\/a-fazenda-17\/peoes\/martina-sanzi\"><b>Martina Sanzi<\/b><\/a> nos preparativos da refei\u00e7\u00e3o, Yon\u00e1 garantiu que comeria tamb\u00e9m e <a href=\"https:\/\/record.r7.com\/a-fazenda\/a-fazenda-17\/novidades\/yona-sousa-se-irrita-com-martina-sanzi-e-joga-comida-do-grupao-no-chao-apos-treta-com-rayane-09102025\/\" target=\"_self\" rel=\"nofollow noopener\" title=\"https:\/\/record.r7.com\/a-fazenda\/a-fazenda-17\/novidades\/yona-sousa-se-irrita-com-martina-sanzi-e-joga-comida-do-grupao-no-chao-apos-treta-com-rayane-09102025\/\"><b>despertou a f\u00faria dos pe\u00f5es<\/b><\/a>. <\/p>\n<p class=\"jarvics:base-text-neutral-high-400 base-text-[calc(theme(fontSize.xs)_*_var(--font-size,_1))] base-font-normal base-font-primary base-text-neutral-low-500 base-text-left\">Quando a refei\u00e7\u00e3o ficou pronta, a advogada \u201catacou\u201d as panelas e a confus\u00e3o foi certeira. Teve gritaria de sobra, comida espalhada pelo fog\u00e3o, empurra-empurra de recipientes e, no final, o prato que a peoa fez acabou no ch\u00e3o. <\/p>\n<p><b>Despensa assaltada com sucesso <\/b><\/p>\n<p class=\"jarvics:base-text-neutral-high-400 base-text-[calc(theme(fontSize.xs)_*_var(--font-size,_1))] base-font-normal base-font-primary base-text-neutral-low-500 base-text-left\">Com o tempo, as coisas se acalmaram na cozinha, mas Yon\u00e1 nunca descansou no confronto do \u201csistema\u201d. Na sexta (17), a peoa se revoltou ao descobrir que alguns alimentos que n\u00e3o teve acesso desde o in\u00edcio do confinamento estavam restritos. <\/p>\n<p class=\"jarvics:base-text-neutral-high-400 base-text-[calc(theme(fontSize.xs)_*_var(--font-size,_1))] base-font-normal base-font-primary base-text-neutral-low-500 base-text-left\">Com o apoio de Dudu, a advogada \u201cassaltou\u201d a despensa e mandou um recado para os \u201ccomandantes\u201d da cozinha: \u201cContinua fazendo isso, que o Brasil est\u00e1 vendo. E me joga na Ro\u00e7a com a desculpa de que eu n\u00e3o quero dividir comida. N\u00e3o tem pauta mais importante aqui\u201d. <\/p>\n<p class=\"jarvics:base-text-neutral-high-400 base-text-[calc(theme(fontSize.xs)_*_var(--font-size,_1))] base-font-normal base-font-primary base-text-neutral-low-500 base-text-left\">N\u00e3o satisfeita, a peoa se irritou pouco depois devido a um doce de leite. Ela confrontou Matheus Martins sobre a posse do alimento, exigiu que fosse de livre acesso e desabafou: \u201cNunca consegui comer nada aqui\u201d. <\/p>\n<p><b>Veja:<\/b><\/p>\n<p class=\"jarvics:base-text-neutral-high-400 base-text-[calc(theme(fontSize.xs)_*_var(--font-size,_1))] base-font-normal base-font-primary base-text-neutral-low-500 base-text-left\">Em seguida, ela fez quest\u00e3o de pegar o doce e distribuir pela sede em forma de protesto: \u201cQuem quer? \u00c9 para todo mundo comer\u201d. <\/p>\n<p class=\"jarvics:base-text-neutral-high-400 base-text-[calc(theme(fontSize.xs)_*_var(--font-size,_1))] base-font-normal base-font-primary base-text-neutral-low-500 base-text-left\">No final, ainda sobrou para Matheus: \u201cS\u00f3 porque o cara \u00e9 Fazendeiro, agora fica enchendo o saco? Ele n\u00e3o manda em mim e nem na casa\u201d. <\/p>\n<p class=\"jarvics:base-text-neutral-high-400 base-text-[calc(theme(fontSize.xs)_*_var(--font-size,_1))] base-font-normal base-font-primary base-text-neutral-low-500 base-text-left\">E agora, como voc\u00ea acha que ser\u00e1 o pr\u00f3ximo cap\u00edtulo da fiscaliza\u00e7\u00e3o aliment\u00edcia da sede?<\/p>\n<p class=\"jarvics:base-text-neutral-high-400 base-text-[calc(theme(fontSize.xs)_*_var(--font-size,_1))] base-font-normal base-font-primary base-text-neutral-low-500 base-text-left\">Fique ligado! <a href=\"https:\/\/record.r7.com\/a-fazenda\/a-fazenda-17\/\" rel=\"nofollow noopener\" title=\"https:\/\/record.r7.com\/a-fazenda\/a-fazenda-17\/\" target=\"_blank\"><b>A Fazenda 17<\/b><\/a> vai ao ar de segunda a domingo, \u00e0s 22h30, na tela da <a href=\"https:\/\/record.r7.com\/\" rel=\"nofollow noopener\" target=\"_blank\"><b>RECORD<\/b><\/a>. Assine o <a href=\"https:\/\/www.recordplus.com\/home\" rel=\"nofollow noopener\" title=\"https:\/\/www.recordplus.com\/home\" target=\"_blank\"><b>RecordPlus<\/b><\/a> e tenha acesso \u00e0s c\u00e2meras 24 horas.<\/p>\n<p><b>Cozinha ou trincheira? Entenda a guerra de comida de <\/b><b>A Fazenda 17<\/b><\/p>\n<p class=\"jarvics:base-text-neutral-high-400 base-text-[calc(theme(fontSize.xxs)_*_var(--font-size,_1))] base-font-semibold base-font-primary base-text-neutral-low-500 base-text-left\">Rachada em dois grupos, a sede de A Fazenda 17 j\u00e1 foi palco de batalhas calorosas entre os pe\u00f5es. Um dos maiores motivos dos embates, a divis\u00e3o dos alimentos transformou a cozinha em um verdadeiro campo de guerra. Na madrugada de quinta (2), a \u201cEquipe Total\u201d encontrou o esconderijo de comida dos rivais e o caldo entornou de vez; olha s\u00f3!<\/p>\n<p class=\"jarvics:base-text-neutral-high-400 base-text-[calc(theme(fontSize.little)_*_var(--font-size,_1))] base-font-normal base-font-primary base-text-neutral-low-500 base-text-left\">Reprodu\u00e7\u00e3o\/RecordPlus<\/p>\n","protected":false},"excerpt":{"rendered":"Yon\u00e1 est\u00e1 na linha de frente contra o movimento Arte\/R7 N\u00e3o \u00e9 novidade que al\u00e9m dos pe\u00f5es, a&hellip;\n","protected":false},"author":2,"featured_media":117793,"comment_status":"","ping_status":"","sticky":false,"template":"","format":"standard","meta":{"footnotes":""},"categories":[142],"tags":[657,114,115,32,33,151],"class_list":{"0":"post-117792","1":"post","2":"type-post","3":"status-publish","4":"format-standard","5":"has-post-thumbnail","7":"category-tv","8":"tag-a-fazenda","9":"tag-entertainment","10":"tag-entretenimento","11":"tag-portugal","12":"tag-pt","13":"tag-tv"},"share_on_mastodon":{"url":"","error":""},"_links":{"self":[{"href":"https:\/\/www.europesays.com\/pt\/wp-json\/wp\/v2\/posts\/117792","targetHints":{"allow":["GET"]}}],"collection":[{"href":"https:\/\/www.europesays.com\/pt\/wp-json\/wp\/v2\/posts"}],"about":[{"href":"https:\/\/www.europesays.com\/pt\/wp-json\/wp\/v2\/types\/post"}],"author":[{"embeddable":true,"href":"https:\/\/www.europesays.com\/pt\/wp-json\/wp\/v2\/users\/2"}],"replies":[{"embeddable":true,"href":"https:\/\/www.europesays.com\/pt\/wp-json\/wp\/v2\/comments?post=117792"}],"version-history":[{"count":0,"href":"https:\/\/www.europesays.com\/pt\/wp-json\/wp\/v2\/posts\/117792\/revisions"}],"wp:featuredmedia":[{"embeddable":true,"href":"https:\/\/www.europesays.com\/pt\/wp-json\/wp\/v2\/media\/117793"}],"wp:attachment":[{"href":"https:\/\/www.europesays.com\/pt\/wp-json\/wp\/v2\/media?parent=117792"}],"wp:term":[{"taxonomy":"category","embeddable":true,"href":"https:\/\/www.europesays.com\/pt\/wp-json\/wp\/v2\/categories?post=117792"},{"taxonomy":"post_tag","embeddable":true,"href":"https:\/\/www.europesays.com\/pt\/wp-json\/wp\/v2\/tags?post=117792"}],"curies":[{"name":"wp","href":"https:\/\/api.w.org\/{rel}","templated":true}]}}