{"id":117800,"date":"2025-10-19T20:02:13","date_gmt":"2025-10-19T20:02:13","guid":{"rendered":"https:\/\/www.europesays.com\/pt\/117800\/"},"modified":"2025-10-19T20:02:13","modified_gmt":"2025-10-19T20:02:13","slug":"isto-e-que-e-rasgar-na-casaca-de-toda-a-gente","status":"publish","type":"post","link":"https:\/\/www.europesays.com\/pt\/117800\/","title":{"rendered":"\u201cIsto \u00e9 que \u00e9 rasgar na casaca de toda a gente!\u201d"},"content":{"rendered":"<p>Iury Mellany reage a pol\u00e9mica na \u201c<a href=\"https:\/\/tvi.iol.pt\/secretstory\" rel=\"nofollow noopener\" target=\"_blank\">Casa dos Segredos<\/a>\u201d: \u201cIsto \u00e9 que \u00e9 rasgar na casaca de toda a gente!\u201d, considerou.<\/p>\n<p>Iury Mellany critica atitude de Liliana Oliveira no \u201cSecret Story\u201d<\/p>\n<p><strong>Iury Mellany<\/strong>, conhecida pela participa\u00e7\u00e3o no <strong>\u201cBig Brother 2020\u201d<\/strong>, da TVI, voltou a comentar a vida dentro de um reality show.<br \/>A ex-concorrente, que tamb\u00e9m \u00e9 <strong>duas vezes vencedora do t\u00edtulo de Miss<\/strong>, n\u00e3o ficou indiferente ao comportamento de <strong>Liliana Oliveira<\/strong> na atual edi\u00e7\u00e3o da <strong>\u201cCasa dos Segredos\u201d<\/strong>.<\/p>\n<p>No s\u00e1bado, <strong>18 de outubro<\/strong>, Iury recorreu \u00e0s redes sociais para reagir a um momento que gerou pol\u00e9mica entre os f\u00e3s do programa.<\/p>\n<p>\u201cIsto \u00e9 que \u00e9 rasgar na casaca de toda a gente\u201d<\/p>\n<p>Liliana Oliveira foi \u201capanhada\u201d a <strong>falar mal de v\u00e1rios colegas nas costas<\/strong>, o que levou a uma onda de cr\u00edticas fora da casa \u2014 incluindo de Iury Mellany.<br \/>A jovem fez quest\u00e3o de deixar a sua opini\u00e3o de forma direta e sem rodeios:<br \/><strong>\u201cPoxaaa, isto \u00e9 que \u00e9 rasgar na casaca de toda a gente\u201d<\/strong>, escreveu nas stories do Instagram.<\/p>\n<p>Logo de seguida, refor\u00e7ou o seu espanto com o tom das conversas da concorrente:<br \/><strong>\u201cNingu\u00e9m se safou quase, at\u00e9 doninha chamaram a outro concorrente\u201d<\/strong>, acrescentou.<\/p>\n<p>Leia tamb\u00e9m: <a href=\"https:\/\/infocul.pt\/sondagem-secret-story-5-nomeados-em-risco-quem-quer-salvar\/\" rel=\"nofollow noopener\" target=\"_blank\">Sondagem Secret Story: 5 nomeados em risco, quem quer salvar?<\/a><\/p>\n<p><a href=\"https:\/\/news.google.com\/publications\/CAAqBwgKMKfIoAswtNK4Aw\" target=\"_blank\" rel=\"noopener noreferrer nofollow\"><img loading=\"lazy\" data-lazyloaded=\"1\" width=\"481\" height=\"161\" decoding=\"async\" src=\"\/wp-content\/uploads\/2024\/02\/GN_siganos.png\" alt=\"Siga-nos no Google News\" style=\"margin-top:20px;\"\/><\/a><\/p>\n","protected":false},"excerpt":{"rendered":"Iury Mellany reage a pol\u00e9mica na \u201cCasa dos Segredos\u201d: \u201cIsto \u00e9 que \u00e9 rasgar na casaca de toda&hellip;\n","protected":false},"author":2,"featured_media":113908,"comment_status":"","ping_status":"","sticky":false,"template":"","format":"standard","meta":{"footnotes":""},"categories":[85],"tags":[2632,114,115,4786,32,33],"class_list":{"0":"post-117800","1":"post","2":"type-post","3":"status-publish","4":"format-standard","5":"has-post-thumbnail","7":"category-entretenimento","8":"tag-casa-dos-segredos","9":"tag-entertainment","10":"tag-entretenimento","11":"tag-iury-mellany","12":"tag-portugal","13":"tag-pt"},"share_on_mastodon":{"url":"","error":""},"_links":{"self":[{"href":"https:\/\/www.europesays.com\/pt\/wp-json\/wp\/v2\/posts\/117800","targetHints":{"allow":["GET"]}}],"collection":[{"href":"https:\/\/www.europesays.com\/pt\/wp-json\/wp\/v2\/posts"}],"about":[{"href":"https:\/\/www.europesays.com\/pt\/wp-json\/wp\/v2\/types\/post"}],"author":[{"embeddable":true,"href":"https:\/\/www.europesays.com\/pt\/wp-json\/wp\/v2\/users\/2"}],"replies":[{"embeddable":true,"href":"https:\/\/www.europesays.com\/pt\/wp-json\/wp\/v2\/comments?post=117800"}],"version-history":[{"count":0,"href":"https:\/\/www.europesays.com\/pt\/wp-json\/wp\/v2\/posts\/117800\/revisions"}],"wp:featuredmedia":[{"embeddable":true,"href":"https:\/\/www.europesays.com\/pt\/wp-json\/wp\/v2\/media\/113908"}],"wp:attachment":[{"href":"https:\/\/www.europesays.com\/pt\/wp-json\/wp\/v2\/media?parent=117800"}],"wp:term":[{"taxonomy":"category","embeddable":true,"href":"https:\/\/www.europesays.com\/pt\/wp-json\/wp\/v2\/categories?post=117800"},{"taxonomy":"post_tag","embeddable":true,"href":"https:\/\/www.europesays.com\/pt\/wp-json\/wp\/v2\/tags?post=117800"}],"curies":[{"name":"wp","href":"https:\/\/api.w.org\/{rel}","templated":true}]}}