{"id":117803,"date":"2025-10-19T20:04:15","date_gmt":"2025-10-19T20:04:15","guid":{"rendered":"https:\/\/www.europesays.com\/pt\/117803\/"},"modified":"2025-10-19T20:04:15","modified_gmt":"2025-10-19T20:04:15","slug":"pequena-empresa-nos-paises-baixos-foi-apanhada-na-guerra-eua-china-e-nacionalizada","status":"publish","type":"post","link":"https:\/\/www.europesays.com\/pt\/117803\/","title":{"rendered":"Pequena empresa nos Pa\u00edses Baixos foi apanhada na guerra EUA-China (e nacionalizada)"},"content":{"rendered":"<p class=\"wp-caption-text top\"><a href=\"https:\/\/www.facebook.com\/photo.php?fbid=886948173449297&amp;set=pb.100064023668691.-2207520000&amp;type=3\" rel=\"nofollow external noopener noreferrer\" data-wpel-link=\"external\" target=\"_blank\" class=\"ext-link\">Nexperia \/ Facebook<\/a><\/p>\n<p><img decoding=\"async\" loading=\"lazy\" class=\"size-kopa-image-size-3 wp-image-706767\" src=\"https:\/\/www.europesays.com\/pt\/wp-content\/uploads\/2025\/10\/35ce1d4eb0f666cd136987d34f64aedc-783x450.jpg\" alt=\"\" width=\"700\" height=\"402\"  \/><\/p>\n<p class=\"wp-caption-text bot\">Sede da Nexperia, em Nijmegen, nos Pa\u00edses Baixos<\/p>\n<p><strong>A Nexperia, fabricante de chips inform\u00e1ticos sediada nos Pa\u00edses Baixos, com capitais chineses, foi nacionalizada pelo governo holand\u00eas ap\u00f3s press\u00e3o de Washington.<\/strong><\/p>\n<p>No final do m\u00eas passado, a disputa crescente entre Washington e Pequim pelo controlo das cadeias de abastecimento tecnol\u00f3gico alastrou aos Pa\u00edses Baixos. O governo holand\u00eas, sob press\u00e3o de funcion\u00e1rios norte-americanos, <strong>assumiu o controlo<\/strong> da fabricante de chips de propriedade chinesa <a href=\"https:\/\/www.nexperia.com\/\" data-wpel-link=\"external\" target=\"_blank\" rel=\"nofollow external noopener noreferrer\" class=\"ext-link\">Nexperia<\/a>.<\/p>\n<p>A empresa, que tem a sua sede nos Pa\u00edses Baixos mas <strong>pertence \u00e0 chinesa Wingtech<\/strong>, opera uma cadeia de abastecimento complexa e global t\u00edpica do fabrico de semicondutores.<\/p>\n<p>A Nexperia, que concebe <strong>chips de tipologia mais antiga<\/strong> utilizados em autom\u00f3veis e dispositivos eletr\u00f3nicos, emprega milhares de pessoas na Europa, Estados Unidos e \u00c1sia. As suas f\u00e1bricas processam placas de sil\u00edcio na Gr\u00e3-Bretanha e Alemanha, e <strong>montam e testam chips na China, Filipinas e Mal\u00e1sia<\/strong>.<\/p>\n<p>A 30 de Setembro, o governo holand\u00eas declarou que as <strong>decis\u00f5es da empresa<\/strong> passariam a ser determinadas pelo seu ministro dos Assuntos Econ\u00f3micos, <strong>Vincent Karremans<\/strong>.<\/p>\n<p>Horas antes, os Estados Unidos tinham alargado o \u00e2mbito de uma lista negra comercial que significava que a <strong>Nexperia enfrentaria controlos rigorosos<\/strong> nas suas opera\u00e7\u00f5es porque o seu propriet\u00e1rio, a <a href=\"https:\/\/www.wingtech.com\/en\" data-wpel-link=\"external\" target=\"_blank\" rel=\"nofollow external noopener noreferrer\" class=\"ext-link\">Wingtech<\/a>, <strong>j\u00e1 constava da lista<\/strong>.<\/p>\n<p>O governo holand\u00eas diz ter atuado para impedir que os produtos da Nexperia se tornassem<strong> indispon\u00edveis numa emerg\u00eancia<\/strong>. Mas documentos publicados num tribunal de Amesterd\u00e3o na ter\u00e7a-feira mostraram que meses antes, funcion\u00e1rios norte-americanos tinham pressionado o governo holand\u00eas sobre a propriedade da empresa, real\u00e7a o <a href=\"https:\/\/www.nytimes.com\/2025\/10\/16\/business\/nexperia-netherlands-us-china.html\" data-wpel-link=\"external\" target=\"_blank\" rel=\"nofollow external noopener noreferrer\" class=\"ext-link\">The New York Times<\/a>.<\/p>\n<p>A Nexperia \u00e9 a mais recente empresa a ser apanhada na intensa guerra entre Washington e Pequin pelo <strong>controlo da ind\u00fastria global de chips<\/strong>., nomeadamente das <strong>cadeias de abastecimento de semicondutores e minerais<\/strong> \u2014 elementos cr\u00edticos para tudo, desde autom\u00f3veis a sistemas de intelig\u00eancia artificial.<\/p>\n<p>Embora os fabricantes de chips chineses tenham enfrentado dificuldades para produzir os chips de ponta que alimentam sistemas avan\u00e7ados de IA, produzem uma <strong>quota cada vez maior de tipos mais antigos de chips<\/strong>.<\/p>\n<p>Alguns funcion\u00e1rios nos Estados Unidos e Europa t\u00eam mostrado preocupa\u00e7\u00e3o com o facto de a China poder <strong>vir a dominar o mercado destes chips<\/strong>.<\/p>\n<p>Mesmo sendo menos avan\u00e7ados, estes chips s\u00e3o usados na ind\u00fastria autom\u00f3vel e numa vasta gama de maquinaria e eletrodom\u00e9sticos. Muitos governos ocidentais querem agora ter estas cadeias de abastecimento <strong>de novo sob o seu controlo<\/strong>.<\/p>\n<p><strong>He Yongqian<\/strong>, porta-voz do Minist\u00e9rio do Com\u00e9rcio da China, disse numa confer\u00eancia de imprensa na quinta-feira que o alargamento do controlo de Washington \u201c<strong>prejudica seriamente a seguran\u00e7a e estabilidade<\/strong> da cadeia de abastecimento industrial global\u201d.<\/p>\n<p>A nacionaliza\u00e7\u00e3o da Nexperia pelo governo holand\u00eas foi \u201cum exemplo claro de como as <strong>pol\u00edticas norte-americanas prejudicam os direitos e interesses<\/strong> leg\u00edtimos das empresas chinesas\u201d, disse a Sra. He.<\/p>\n<p>Recentemente, Pequim exerceu na semana passada <strong>a sua pr\u00f3pria influ\u00eancia<\/strong> sobre uma outra parte da cadeia de abastecimento tecnol\u00f3gico global, quando anunciou <strong>medidas abrangentes de controlo sobre minerais cr\u00edticos <\/strong>usados em chips, autom\u00f3veis, m\u00edsseis e diversos tipos de dispositivos eletr\u00f3nicos.<\/p>\n<p>Curiosamente, as novas regras <strong>assemelhavam-se bastante<\/strong> \u00e0s medidas norte-americanas de controlo de tecnologias que os funcion\u00e1rios chineses h\u00e1 muito criticam.<\/p>\n<p>O governo chin\u00eas tamb\u00e9m visou uma ind\u00fastria que considera crucial para a sua pr\u00f3pria seguran\u00e7a e crescimento econ\u00f3mico: <strong>o transporte mar\u00edtimo<\/strong>.<\/p>\n<p>Na ter\u00e7a-feira, Pequim imp\u00f4s <strong>san\u00e7\u00f5es \u00e0s subsidi\u00e1rias americanas<\/strong> da empresa de transporte mar\u00edtimo sul-coreana <strong>Hanwha<\/strong>, acusando-a de \u201capoiar e assistir\u201d os Estados Unidos com a sua ind\u00fastria de constru\u00e7\u00e3o naval.<\/p>\n<p>A ordem executiva, que entrou em vigor de imediato, pro\u00edbe empresas e indiv\u00edduos chineses de fazer neg\u00f3cios com estas subsidi\u00e1rias.<\/p>\n<p>    <a href=\"https:\/\/zap.aeiou.pt\/subscrever-newsletter\" data-wpel-link=\"internal\" rel=\"nofollow noopener\" target=\"_blank\">&#13;<br \/>\n        <img loading=\"lazy\" decoding=\"async\" class=\"aligncenter size-full wp-image-575475\" src=\"https:\/\/www.europesays.com\/pt\/wp-content\/uploads\/2025\/10\/1759862234_971_2d51fe4a0ba54894421ead1809309ed9-1-450x140.jpg\" alt=\"Subscreva a Newsletter ZAP\" width=\"450\" height=\"140\"\/>&#13;<br \/>\n    <\/a><\/p>\n<p>                <a href=\"https:\/\/whatsapp.com\/channel\/0029VaIC4EE2f3EJZPPSbR34\" data-wpel-link=\"external\" target=\"_blank\" rel=\"nofollow external noopener noreferrer\" class=\"ext-link\">&#13;<br \/>\n                    <img loading=\"lazy\" decoding=\"async\" class=\"aligncenter size-full wp-image-575475\" src=\"https:\/\/www.europesays.com\/pt\/wp-content\/uploads\/2025\/10\/1759862234_512_c68c559d956d4ca20f435ed74a6e71e6.png\" alt=\"Siga-nos no WhatsApp\" width=\"175\" height=\"64\"\/>&#13;<br \/>\n                <\/a><\/p>\n<p>                <a href=\"https:\/\/news.google.com\/publications\/CAAiEHRwZondIV71PDjWNoqMduEqFAgKIhB0cGaJ3SFe9Tw41jaKjHbh?hl=en-US&amp;gl=US&amp;ceid=US%3Aen\" data-wpel-link=\"external\" target=\"_blank\" rel=\"nofollow external noopener noreferrer\" class=\"ext-link\">&#13;<br \/>\n                    <img loading=\"lazy\" decoding=\"async\" class=\"aligncenter size-full wp-image-575475\" src=\"https:\/\/www.europesays.com\/pt\/wp-content\/uploads\/2025\/10\/1759862235_242_5123dd8b087b644fdb8f8603acd1bad4.png\" alt=\"Siga-nos no Google News\" width=\"176\" height=\"64\"\/>&#13;<br \/>\n                <\/a><\/p>\n","protected":false},"excerpt":{"rendered":"Nexperia \/ Facebook Sede da Nexperia, em Nijmegen, nos Pa\u00edses Baixos A Nexperia, fabricante de chips inform\u00e1ticos sediada&hellip;\n","protected":false},"author":2,"featured_media":117804,"comment_status":"","ping_status":"","sticky":false,"template":"","format":"standard","meta":{"footnotes":""},"categories":[83],"tags":[88,358,89,90,413,93,3914,32,33],"class_list":{"0":"post-117803","1":"post","2":"type-post","3":"status-publish","4":"format-standard","5":"has-post-thumbnail","7":"category-empresas","8":"tag-business","9":"tag-china","10":"tag-economy","11":"tag-empresas","12":"tag-eua","13":"tag-guerra-comercial","14":"tag-paises-baixos","15":"tag-portugal","16":"tag-pt"},"share_on_mastodon":{"url":"","error":""},"_links":{"self":[{"href":"https:\/\/www.europesays.com\/pt\/wp-json\/wp\/v2\/posts\/117803","targetHints":{"allow":["GET"]}}],"collection":[{"href":"https:\/\/www.europesays.com\/pt\/wp-json\/wp\/v2\/posts"}],"about":[{"href":"https:\/\/www.europesays.com\/pt\/wp-json\/wp\/v2\/types\/post"}],"author":[{"embeddable":true,"href":"https:\/\/www.europesays.com\/pt\/wp-json\/wp\/v2\/users\/2"}],"replies":[{"embeddable":true,"href":"https:\/\/www.europesays.com\/pt\/wp-json\/wp\/v2\/comments?post=117803"}],"version-history":[{"count":0,"href":"https:\/\/www.europesays.com\/pt\/wp-json\/wp\/v2\/posts\/117803\/revisions"}],"wp:featuredmedia":[{"embeddable":true,"href":"https:\/\/www.europesays.com\/pt\/wp-json\/wp\/v2\/media\/117804"}],"wp:attachment":[{"href":"https:\/\/www.europesays.com\/pt\/wp-json\/wp\/v2\/media?parent=117803"}],"wp:term":[{"taxonomy":"category","embeddable":true,"href":"https:\/\/www.europesays.com\/pt\/wp-json\/wp\/v2\/categories?post=117803"},{"taxonomy":"post_tag","embeddable":true,"href":"https:\/\/www.europesays.com\/pt\/wp-json\/wp\/v2\/tags?post=117803"}],"curies":[{"name":"wp","href":"https:\/\/api.w.org\/{rel}","templated":true}]}}