{"id":117805,"date":"2025-10-19T20:06:20","date_gmt":"2025-10-19T20:06:20","guid":{"rendered":"https:\/\/www.europesays.com\/pt\/117805\/"},"modified":"2025-10-19T20:06:20","modified_gmt":"2025-10-19T20:06:20","slug":"mulher-fica-encarcerada-em-colisao-automovel-no-funchal","status":"publish","type":"post","link":"https:\/\/www.europesays.com\/pt\/117805\/","title":{"rendered":"Mulher fica encarcerada em colis\u00e3o autom\u00f3vel no Funchal"},"content":{"rendered":"\n<p> Mulher de 72 anos ficou encarcerada e homem de 52 sofreu ferimentos ap\u00f3s colis\u00e3o rodovi\u00e1ria no Funchal. PSP investiga causas do acidente rodovi\u00e1rio.\n                 <\/p>\n<p class=\"p_0\">Duas pessoas foram, esta manh\u00e3, hospitalizadas na sequ\u00eancia de um acidente de via\u00e7\u00e3o ocorrido na Rua do Engenho do Mel, no Funchal. No local estiveram equipas de socorro dos Bombeiros Sapadores do Funchal (BSF) e da Cruz Vermelha Portuguesa (CVP).<\/p>\n<p class=\"p_1\">De acordo com uma fonte policial contactada pelo JM, uma mulher de 72 anos ficou encarcerada no interior do ve\u00edculo, sendo necess\u00e1ria a interven\u00e7\u00e3o dos bombeiros para a retirar com recurso a material de desencarceramento.<\/p>\n<p class=\"p_2\">A v\u00edtima recebeu assist\u00eancia pr\u00e9-hospitalar no local por uma equipa pr\u00e9-hospitalar da Cruz Vermelha Portuguesa e foi posteriormente transportada para o Hospital Dr. N\u00e9lio Mendon\u00e7a, onde ficou internada no servi\u00e7o de urg\u00eancias.<\/p>\n<p class=\"p_3\">Do acidente, um embate contra uma parede, resultou ainda um segundo ferido, um homem de 52 anos, que apresentou queixas traum\u00e1ticas na sequ\u00eancia do embate e tamb\u00e9m seguiu para o hospital na ambul\u00e2ncia da CVP.<\/p>\n<p class=\"p_4\">Al\u00e9m dos Bombeiros Sapadores do Funchal, com uma equipa e uma viatura de desencarceramento, e da Cruz Vermelha Portuguesa, com uma ambul\u00e2ncia e uma equipa de socorristas, esteve tamb\u00e9m presente a Pol\u00edcia de Seguran\u00e7a P\u00fablica (PSP), que tomou conta da ocorr\u00eancia e est\u00e1 a investigar as causas do acidente.<\/p>\n","protected":false},"excerpt":{"rendered":"Mulher de 72 anos ficou encarcerada e homem de 52 sofreu ferimentos ap\u00f3s colis\u00e3o rodovi\u00e1ria no Funchal. PSP&hellip;\n","protected":false},"author":2,"featured_media":117806,"comment_status":"","ping_status":"","sticky":false,"template":"","format":"standard","meta":{"footnotes":""},"categories":[10],"tags":[27,28,15,16,14,1789,25,26,21,22,12,13,19,20,32,23,24,33,17,18,29,30,31],"class_list":{"0":"post-117805","1":"post","2":"type-post","3":"status-publish","4":"format-standard","5":"has-post-thumbnail","7":"category-portugal","8":"tag-breaking-news","9":"tag-breakingnews","10":"tag-featured-news","11":"tag-featurednews","12":"tag-headlines","13":"tag-hospital","14":"tag-latest-news","15":"tag-latestnews","16":"tag-main-news","17":"tag-mainnews","18":"tag-news","19":"tag-noticias","20":"tag-noticias-principais","21":"tag-noticiasprincipais","22":"tag-portugal","23":"tag-principais-noticias","24":"tag-principaisnoticias","25":"tag-pt","26":"tag-top-stories","27":"tag-topstories","28":"tag-ultimas","29":"tag-ultimas-noticias","30":"tag-ultimasnoticias"},"share_on_mastodon":{"url":"","error":""},"_links":{"self":[{"href":"https:\/\/www.europesays.com\/pt\/wp-json\/wp\/v2\/posts\/117805","targetHints":{"allow":["GET"]}}],"collection":[{"href":"https:\/\/www.europesays.com\/pt\/wp-json\/wp\/v2\/posts"}],"about":[{"href":"https:\/\/www.europesays.com\/pt\/wp-json\/wp\/v2\/types\/post"}],"author":[{"embeddable":true,"href":"https:\/\/www.europesays.com\/pt\/wp-json\/wp\/v2\/users\/2"}],"replies":[{"embeddable":true,"href":"https:\/\/www.europesays.com\/pt\/wp-json\/wp\/v2\/comments?post=117805"}],"version-history":[{"count":0,"href":"https:\/\/www.europesays.com\/pt\/wp-json\/wp\/v2\/posts\/117805\/revisions"}],"wp:featuredmedia":[{"embeddable":true,"href":"https:\/\/www.europesays.com\/pt\/wp-json\/wp\/v2\/media\/117806"}],"wp:attachment":[{"href":"https:\/\/www.europesays.com\/pt\/wp-json\/wp\/v2\/media?parent=117805"}],"wp:term":[{"taxonomy":"category","embeddable":true,"href":"https:\/\/www.europesays.com\/pt\/wp-json\/wp\/v2\/categories?post=117805"},{"taxonomy":"post_tag","embeddable":true,"href":"https:\/\/www.europesays.com\/pt\/wp-json\/wp\/v2\/tags?post=117805"}],"curies":[{"name":"wp","href":"https:\/\/api.w.org\/{rel}","templated":true}]}}