{"id":117814,"date":"2025-10-19T20:16:09","date_gmt":"2025-10-19T20:16:09","guid":{"rendered":"https:\/\/www.europesays.com\/pt\/117814\/"},"modified":"2025-10-19T20:16:09","modified_gmt":"2025-10-19T20:16:09","slug":"estudo-genetico-revela-ligacoes-entre-uso-de-cannabis-e-saude-mental-cognitiva-e-fisica","status":"publish","type":"post","link":"https:\/\/www.europesays.com\/pt\/117814\/","title":{"rendered":"Estudo gen\u00e9tico revela liga\u00e7\u00f5es entre uso de cannabis e sa\u00fade mental, cognitiva e f\u00edsica"},"content":{"rendered":"<p>\u201cN\u00f3s mostramos que a gen\u00e9tica do uso de cannabis, tanto experiment\u00e1-la quanto us\u00e1-la com mais frequ\u00eancia, est\u00e1 relacionada \u00e0 gen\u00e9tica de outros tra\u00e7os psiqui\u00e1tricos, medidas cognitivas e at\u00e9 problemas de sa\u00fade f\u00edsica\u201d, disse Sanchez-Roige.<\/p>\n<p>Entre as condi\u00e7\u00f5es associadas est\u00e3o esquizofrenia, depress\u00e3o, diabetes, dor cr\u00f4nica e doen\u00e7as card\u00edacas. A pesquisa tamb\u00e9m encontrou rela\u00e7\u00e3o entre predisposi\u00e7\u00e3o ao uso de cannabis e maior risco de fumar tabaco, infec\u00e7\u00f5es como HIV e doen\u00e7as autoimunes.<\/p>\n<p>Antes do v\u00edcio, h\u00e1 o risco gen\u00e9tico<\/p>\n<p>Para Hayley Thorpe, pesquisadora e primeira autora do estudo, compreender essas liga\u00e7\u00f5es gen\u00e9ticas pode ajudar a identificar riscos antes que o uso se torne problem\u00e1tico.<\/p>\n","protected":false},"excerpt":{"rendered":"\u201cN\u00f3s mostramos que a gen\u00e9tica do uso de cannabis, tanto experiment\u00e1-la quanto us\u00e1-la com mais frequ\u00eancia, est\u00e1 relacionada&hellip;\n","protected":false},"author":2,"featured_media":117815,"comment_status":"","ping_status":"","sticky":false,"template":"","format":"standard","meta":{"footnotes":""},"categories":[86],"tags":[546,109,1187,116,32,33,117],"class_list":{"0":"post-117814","1":"post","2":"type-post","3":"status-publish","4":"format-standard","5":"has-post-thumbnail","7":"category-saude","8":"tag-agencia-gazeta","9":"tag-ciencia","10":"tag-fatos-curiosos","11":"tag-health","12":"tag-portugal","13":"tag-pt","14":"tag-saude"},"share_on_mastodon":{"url":"","error":""},"_links":{"self":[{"href":"https:\/\/www.europesays.com\/pt\/wp-json\/wp\/v2\/posts\/117814","targetHints":{"allow":["GET"]}}],"collection":[{"href":"https:\/\/www.europesays.com\/pt\/wp-json\/wp\/v2\/posts"}],"about":[{"href":"https:\/\/www.europesays.com\/pt\/wp-json\/wp\/v2\/types\/post"}],"author":[{"embeddable":true,"href":"https:\/\/www.europesays.com\/pt\/wp-json\/wp\/v2\/users\/2"}],"replies":[{"embeddable":true,"href":"https:\/\/www.europesays.com\/pt\/wp-json\/wp\/v2\/comments?post=117814"}],"version-history":[{"count":0,"href":"https:\/\/www.europesays.com\/pt\/wp-json\/wp\/v2\/posts\/117814\/revisions"}],"wp:featuredmedia":[{"embeddable":true,"href":"https:\/\/www.europesays.com\/pt\/wp-json\/wp\/v2\/media\/117815"}],"wp:attachment":[{"href":"https:\/\/www.europesays.com\/pt\/wp-json\/wp\/v2\/media?parent=117814"}],"wp:term":[{"taxonomy":"category","embeddable":true,"href":"https:\/\/www.europesays.com\/pt\/wp-json\/wp\/v2\/categories?post=117814"},{"taxonomy":"post_tag","embeddable":true,"href":"https:\/\/www.europesays.com\/pt\/wp-json\/wp\/v2\/tags?post=117814"}],"curies":[{"name":"wp","href":"https:\/\/api.w.org\/{rel}","templated":true}]}}