{"id":117824,"date":"2025-10-19T20:33:18","date_gmt":"2025-10-19T20:33:18","guid":{"rendered":"https:\/\/www.europesays.com\/pt\/117824\/"},"modified":"2025-10-19T20:33:18","modified_gmt":"2025-10-19T20:33:18","slug":"policia-civil-elucida-homicidio-em-pinhalzinho-e-prende-autor-no-parana-novafm103-com-br","status":"publish","type":"post","link":"https:\/\/www.europesays.com\/pt\/117824\/","title":{"rendered":"Pol\u00edcia Civil elucida homic\u00eddio em Pinhalzinho e prende autor no Paran\u00e1 &#8211; novafm103.com.br"},"content":{"rendered":"<ol>\n<li><a href=\"https:\/\/news.google.com\/rss\/articles\/CBMiVkFVX3lxTFA0b2NnblhTa0R1djB5UzJCMjJzUmZpRktieFNGMC1XQWRUUjltY2hkbWdGOEY2anlpYkpVYU01TkdreHZpU082OHJ4dTFndV9OSTVWVkl3?oc=5\" target=\"_blank\" rel=\"nofollow noopener\">Pol\u00edcia Civil elucida homic\u00eddio em Pinhalzinho e prende autor no Paran\u00e1<\/a>&nbsp;&nbsp;novafm103.com.br<\/li>\n<li><a href=\"https:\/\/news.google.com\/rss\/articles\/CBMiqwFBVV95cUxOTXdiNTJyVHg4NnZwQ3kySmJ0aXVBelBzcThSSlk2R0M3OWdOcmkxd2FXaVpSTk9DZlRoYjMwZmlic0tHd29NM2RQeGRGZDFyMV8wdEx5YjdhQVdjWUZIdUFzQndSWlpnNzhOb0tuekhoR2JMajM1bEtzVHNvY053SWNvUHNTQ01QeVB0eGdHbTFKNXZEbFIwQm0zUENkZDRWVzhvTjZCR3FZNk0?oc=5\" target=\"_blank\" rel=\"nofollow noopener\">Briga durante festa em SC termina em morte e tentativa de fuga do pa\u00eds<\/a>&nbsp;&nbsp;NSC Total<\/li>\n<li><a href=\"https:\/\/news.google.com\/rss\/articles\/CBMilgFBVV95cUxQMWl0bWltUHhLWVp1VDRPMWxObkNMYUg4WVdzcE1zMEM4aUV3T3RIQXZiV0NiSnRqZFc1TGJrb2hiNkdGYmJ3T2p4MklVTGVsbnNGODVGUnhuWGF3d1ZFb0lxY21kREZ6bm01T3dBWGFKUFNsLUVuWENlYzdIRnc5a21pNUx1MXRZNVlaMnFMUkx4SlVUVHc?oc=5\" target=\"_blank\" rel=\"nofollow noopener\">Homem morre ap\u00f3s ser esfaqueado em Pinhalzinho<\/a>&nbsp;&nbsp;Grupo A Sua Voz<\/li>\n<li><a href=\"https:\/\/news.google.com\/rss\/articles\/CBMisgFBVV95cUxQME5ZaFZiRnRHMVBzQTZhZ1VIeXZrYzh4TlF0T0ZmVlZQYWtCN0w4T0pLbFRpc3NwUjU2QlM1alZLTG5Semp5YjczNlQzWWI2d3lkOVUwS2Y1NENCYVB2TVBJMkZGSnVENzRnSl9IUlo5cG9zUXdHVFJzcVBGX3Z6N0pnb2NMM1dselAwcmhyM0l6S2VKY3NEa0ZuYWhIUUYwcXNoMXprd2NtWDBubzE4NUhn?oc=5\" target=\"_blank\" rel=\"nofollow noopener\">Homem \u00e9 preso no Paran\u00e1 ap\u00f3s matar conhecido durante festa em Pinhalzinho<\/a>&nbsp;&nbsp;WH3<\/li>\n<li><a href=\"https:\/\/news.google.com\/rss\/articles\/CBMiiwFBVV95cUxPZzcyN3R2MXJZYk5NWUl5VlVNZzJZOWI3RFZkc1VyMG9UX2xoeFF3UnZfdG5LZXEzR1A1WC1DRGNOem5rdVYtZ0V5Y0x3MmJUTDh1SHFRc3VGTWp4a2QxamNfOThjM1dxbzg2NE5JbXZod2dGRXRCWEtPcEtVS2tiMlFVT205UUI4S2VV?oc=5\" target=\"_blank\" rel=\"nofollow noopener\">Venezuelano \u00e9 assassinado em SC com facada no peito<\/a>&nbsp;&nbsp;SCC10<\/li>\n<\/ol>\n","protected":false},"excerpt":{"rendered":"Pol\u00edcia Civil elucida homic\u00eddio em Pinhalzinho e prende autor no Paran\u00e1&nbsp;&nbsp;novafm103.com.br Briga durante festa em SC termina em&hellip;\n","protected":false},"author":2,"featured_media":5730,"comment_status":"","ping_status":"","sticky":false,"template":"","format":"standard","meta":{"footnotes":""},"categories":[141],"tags":[114,115,149,150,3100,32,33],"class_list":{"0":"post-117824","1":"post","2":"type-post","3":"status-publish","4":"format-standard","5":"has-post-thumbnail","7":"category-musica","8":"tag-entertainment","9":"tag-entretenimento","10":"tag-music","11":"tag-musica","12":"tag-nova-fm-103-1-fm-pinhalzinho-sc","13":"tag-portugal","14":"tag-pt"},"share_on_mastodon":{"url":"","error":""},"_links":{"self":[{"href":"https:\/\/www.europesays.com\/pt\/wp-json\/wp\/v2\/posts\/117824","targetHints":{"allow":["GET"]}}],"collection":[{"href":"https:\/\/www.europesays.com\/pt\/wp-json\/wp\/v2\/posts"}],"about":[{"href":"https:\/\/www.europesays.com\/pt\/wp-json\/wp\/v2\/types\/post"}],"author":[{"embeddable":true,"href":"https:\/\/www.europesays.com\/pt\/wp-json\/wp\/v2\/users\/2"}],"replies":[{"embeddable":true,"href":"https:\/\/www.europesays.com\/pt\/wp-json\/wp\/v2\/comments?post=117824"}],"version-history":[{"count":0,"href":"https:\/\/www.europesays.com\/pt\/wp-json\/wp\/v2\/posts\/117824\/revisions"}],"wp:featuredmedia":[{"embeddable":true,"href":"https:\/\/www.europesays.com\/pt\/wp-json\/wp\/v2\/media\/5730"}],"wp:attachment":[{"href":"https:\/\/www.europesays.com\/pt\/wp-json\/wp\/v2\/media?parent=117824"}],"wp:term":[{"taxonomy":"category","embeddable":true,"href":"https:\/\/www.europesays.com\/pt\/wp-json\/wp\/v2\/categories?post=117824"},{"taxonomy":"post_tag","embeddable":true,"href":"https:\/\/www.europesays.com\/pt\/wp-json\/wp\/v2\/tags?post=117824"}],"curies":[{"name":"wp","href":"https:\/\/api.w.org\/{rel}","templated":true}]}}