{"id":117825,"date":"2025-10-19T20:34:17","date_gmt":"2025-10-19T20:34:17","guid":{"rendered":"https:\/\/www.europesays.com\/pt\/117825\/"},"modified":"2025-10-19T20:34:17","modified_gmt":"2025-10-19T20:34:17","slug":"marcha-pela-palestina-junta-mais-de-mil-pessoas-em-lisboa","status":"publish","type":"post","link":"https:\/\/www.europesays.com\/pt\/117825\/","title":{"rendered":"Marcha pela Palestina junta mais de mil pessoas em Lisboa"},"content":{"rendered":"<p>                    A Plataforma Unit\u00e1ria de Solidariedade com a Palestina, composta pela Amnistia Internacional, Greenpeace Portugal, M\u00e9dicos Sem Fronteiras e Funda\u00e7\u00e3o Jos\u00e9 Saramago, esteve presente nesta nova Marcha pela Palestina.<\/p>\n<p>&#13;<br \/>\nUma manifesta\u00e7\u00e3o que juntou mais de mil pessoas, entre elas, Miguel Ara\u00fajo, da Amnistia Internacional.&#13;\n<\/p>\n<p>          <img decoding=\"async\" itemprop=\"image\" class=\"img-fluid\"   src=\"https:\/\/www.europesays.com\/pt\/wp-content\/uploads\/2025\/10\/349ea3c701be1316f1164d4b822ae7f4_N.jpg\"\/><\/p>\n<p><\/p>\n<p>&#13;<br \/>\n&#8220;A Amnistia Internacional tem dito desde o primeiro momento que aquilo que tem que acontecer \u00e9 o respeito absoluto dos direitos humanos e do direito internacional. Aquilo que continuamos a ver \u00e9 um cessar-fogo t\u00e3o fr\u00e1gil, t\u00e3o prec\u00e1rio, que \u00e9 imposs\u00edvel n\u00e3o responder com o que estamos aqui a ver&#8221;, declarou.&#13;\n<\/p>\n<p>&#13;<br \/>\nA Amnistia pede o fim do genoc\u00eddio que Israel est\u00e1 a perpetrar e do apartheid levado a cabo pelo estado israelita.&#13;\n<\/p>\n<p>&#13;<br \/>\nDepois de ter estado na flotilha humanit\u00e1ria que foi intercetada por Israel, a atriz Sofia Apar\u00edcio tamb\u00e9m esteve presente na marcha, este domingo.&#13;\n<\/p>\n<p>          <img decoding=\"async\" itemprop=\"image\" class=\"img-fluid\"   src=\"https:\/\/www.europesays.com\/pt\/wp-content\/uploads\/2025\/10\/ad4904e9ae24eddcd97f8155c030ad63_N.jpg\"\/><\/p>\n<p><\/p>\n<p>&#13;<br \/>\nSofia Apar\u00edcio acredita que \u00e9 a press\u00e3o popular que faz com que os governos tomem atitudes e criticou o plano de paz assinado na \u00faltima segunda-feira, em Sharm el-Sheikh, no Egito.&#13;\n<\/p>\n<p>&#13;<br \/>\n&#8220;Este pseudo-plano de paz \u00e9 um plano de ocupa\u00e7\u00e3o. N\u00e3o fala em justi\u00e7a, n\u00e3o fal em puni\u00e7\u00e3o pelos crimes cometidos pelos sionistas de Israel, n\u00e3o fal em auto-determina\u00e7\u00e3o para a povo palestiniano. Agora, mais do que nunca, a Palestina precisa de n\u00f3s&#8221;, argumentou a atriz.&#13;<\/p>\n","protected":false},"excerpt":{"rendered":"A Plataforma Unit\u00e1ria de Solidariedade com a Palestina, composta pela Amnistia Internacional, Greenpeace Portugal, M\u00e9dicos Sem Fronteiras e&hellip;\n","protected":false},"author":2,"featured_media":117826,"comment_status":"","ping_status":"","sticky":false,"template":"","format":"standard","meta":{"footnotes":""},"categories":[10],"tags":[27,28,15,16,14,25,26,21,22,12,13,19,20,32,23,24,33,420,421,17,18,29,30,31],"class_list":{"0":"post-117825","1":"post","2":"type-post","3":"status-publish","4":"format-standard","5":"has-post-thumbnail","7":"category-portugal","8":"tag-breaking-news","9":"tag-breakingnews","10":"tag-featured-news","11":"tag-featurednews","12":"tag-headlines","13":"tag-latest-news","14":"tag-latestnews","15":"tag-main-news","16":"tag-mainnews","17":"tag-news","18":"tag-noticias","19":"tag-noticias-principais","20":"tag-noticiasprincipais","21":"tag-portugal","22":"tag-principais-noticias","23":"tag-principaisnoticias","24":"tag-pt","25":"tag-rtp","26":"tag-rtp-noticias","27":"tag-top-stories","28":"tag-topstories","29":"tag-ultimas","30":"tag-ultimas-noticias","31":"tag-ultimasnoticias"},"share_on_mastodon":{"url":"","error":""},"_links":{"self":[{"href":"https:\/\/www.europesays.com\/pt\/wp-json\/wp\/v2\/posts\/117825","targetHints":{"allow":["GET"]}}],"collection":[{"href":"https:\/\/www.europesays.com\/pt\/wp-json\/wp\/v2\/posts"}],"about":[{"href":"https:\/\/www.europesays.com\/pt\/wp-json\/wp\/v2\/types\/post"}],"author":[{"embeddable":true,"href":"https:\/\/www.europesays.com\/pt\/wp-json\/wp\/v2\/users\/2"}],"replies":[{"embeddable":true,"href":"https:\/\/www.europesays.com\/pt\/wp-json\/wp\/v2\/comments?post=117825"}],"version-history":[{"count":0,"href":"https:\/\/www.europesays.com\/pt\/wp-json\/wp\/v2\/posts\/117825\/revisions"}],"wp:featuredmedia":[{"embeddable":true,"href":"https:\/\/www.europesays.com\/pt\/wp-json\/wp\/v2\/media\/117826"}],"wp:attachment":[{"href":"https:\/\/www.europesays.com\/pt\/wp-json\/wp\/v2\/media?parent=117825"}],"wp:term":[{"taxonomy":"category","embeddable":true,"href":"https:\/\/www.europesays.com\/pt\/wp-json\/wp\/v2\/categories?post=117825"},{"taxonomy":"post_tag","embeddable":true,"href":"https:\/\/www.europesays.com\/pt\/wp-json\/wp\/v2\/tags?post=117825"}],"curies":[{"name":"wp","href":"https:\/\/api.w.org\/{rel}","templated":true}]}}