{"id":117837,"date":"2025-10-19T20:48:26","date_gmt":"2025-10-19T20:48:26","guid":{"rendered":"https:\/\/www.europesays.com\/pt\/117837\/"},"modified":"2025-10-19T20:48:26","modified_gmt":"2025-10-19T20:48:26","slug":"devias-ter-consciencia-ana-perde-a-paciencia-com-liliana-tvi-player","status":"publish","type":"post","link":"https:\/\/www.europesays.com\/pt\/117837\/","title":{"rendered":"\u00abDevias ter consci\u00eancia\u00bb: Ana perde a paci\u00eancia com Liliana &#8211; TVI Player"},"content":{"rendered":"<ol>\n<li><a href=\"https:\/\/news.google.com\/rss\/articles\/CBMipAFBVV95cUxNQmNoWkpabWRpWWRoQXVqNG96dmwxY1c0dVd5OUdqc2VfSXJUMWtpMzdvM1ByRmdqZWpWZDBhQU1YQjEyaUI1Y21NOGRnSjRMamlTOTBOWGdhM1pXZmdwWWFfaV9jYjlVVDBDd2IzWExaU196REN6N1hpMXJtTHlOUDZPeUJ0Y2pZalFYWW9PdDBRQ3hlQjA5NHQ2azBCSGdNb0U1VQ?oc=5\" target=\"_blank\" rel=\"nofollow noopener\">\u00abDevias ter consci\u00eancia\u00bb: Ana perde a paci\u00eancia com Liliana<\/a>&nbsp;&nbsp;TVI Player<\/li>\n<li><a href=\"https:\/\/news.google.com\/rss\/articles\/CBMi1wFBVV95cUxNOWl5S0R2QjZreFhLdkpZcnQyOG41YmhzZGEtRWoyRk1na1BZaHotbEk0U1ZEY2xmR2ZZVGh1dUFGUVJCa010a2kxQUN1dm5yLXU3bTVoQlVqRkNkUzJUcTktWi13NEtkSXpxRjJZNU82MmVFMTZJa0dTQVlUWnJUenBoTU9BQnh5cldnQy1TWi1TajRfaTlIRFd2cHpGbURiNGp5ZlBKX2kzUUdRXzlCbV9DZUxaWWNUbXVkT19tYWRLbUF3M0J4SFUxWmlNV1BUa051SXN1aw?oc=5\" target=\"_blank\" rel=\"nofollow noopener\">No Secret Story, Adriano Silva Martins arrasa F\u00e1bio: \u201c\u00c9 um heterossexual muito b\u00e1sico que vai sempre defender a sua Liliana\u201d<\/a>&nbsp;&nbsp;infocul.pt<\/li>\n<li><a href=\"https:\/\/news.google.com\/rss\/articles\/CBMiowFBVV95cUxQS2h4d1JUNE52T0NtdFZMLVdfSXRnZm5Ma1FUYVg3TmJIbGF4SHRSTjlnd1BkenYxbmpPcUJ4amhqWkVSWmY0VDh0V3lWWE1rNFNUS2p3TV9qcVNZWjF0enhwSTNhWFpqMDVwcTQ5SEJoMnNqRE9Ya01vLUF1WjRZcnY0bkJBT3h4S3FEOFgzZHpzbUpZRGVNcmxHcGVON2ZXS0800gGoAUFVX3lxTE5hMHRvdDBYUHJyeWk3UnNvT2NncTV4ekdKemliRWRQSmx5NUtLS2QtbHUzVTVEdUwzZTNSaEdXRkVJU1RkRmlZa1VYMlRTYUM2c2RSM3Rsd2VCcmlfUUNqZm0yZWNhN0VNSTRXc2FMeVZYeFFKOEI1N1lpbHFrcDdzZlZ6OVo2b1Rjb3VWSWJmYVlLTE1QUTZWX2dzWm5sN1Zzbm9LWWplVA?oc=5\" target=\"_blank\" rel=\"nofollow noopener\">Ana Cristina d\u00e1 \u201cestouro\u201d a F\u00e1bio: \u201cJogador intenso s\u00f3 se for na cama com a Liliana\u0337 &#8230;<\/a>&nbsp;&nbsp;Hiper Fm<\/li>\n<li><a href=\"https:\/\/news.google.com\/rss\/articles\/CBMirwFBVV95cUxNUUhrb1htNE9qckhaQ0pTSFEybU5ReVo5YUZxUlhBZWhWZzJldmxvN0RjVW1TTzNlOVJaakt4V0VqZEdSQ0FHV2E3cFBJZUtmN0hLdThNbUpDYldlUkRqdF9lWnc0NzV1VkRrUjJuak5GVV9fb0dlYmtrTHNVNFNxcmZyakVUZW9QaGRrbUtiQzhJNjcwN0NJR004RnZPSFliOE9FSkRSZEE3YVB4OWln?oc=5\" target=\"_blank\" rel=\"nofollow noopener\">F\u00e1bio e Ana em acesa discuss\u00e3o: &#8220;N\u00e3o fazes um caral** aqui. N\u00e3o \u00e9s nada nem ningu\u00e9m&#8221;<\/a>&nbsp;&nbsp;A Televis\u00e3o<\/li>\n<li><a href=\"https:\/\/news.google.com\/rss\/articles\/CBMi2AFBVV95cUxQYmwteWdpbE1aSUg2YjFnLTdQeWYwVWhacHJIbkcxZjhrSzRwblRFLXNmMVREVFFSV0plZGtmZElRampIVEkzTDRjT1hLSnJveElpSUJBYVVFVzhYakF4QnVJemh3YmRER09ldndyNFR4VndKWW5HUDV5ZHdYSGUtN0VneHp4ZjFoQW5PNTFwWmQ5dmFZdWdxN2RnOWlYZG85V2JvUE9nQkIyd2JtaFoyS25RcHN1RGtYYWIzSzYwN1M5RkI0aEZ5a0FvZ2s5S0pGcEEzblhBeVQ?oc=5\" target=\"_blank\" rel=\"nofollow noopener\">Casa dos Segredos: F\u00e1bio e Ana entram em confronto e acabam aos gritos! \u201cN\u00e3o \u00e9s nada nem ningu\u00e9m\u201d<\/a>&nbsp;&nbsp;SAPO<\/li>\n<\/ol>\n","protected":false},"excerpt":{"rendered":"\u00abDevias ter consci\u00eancia\u00bb: Ana perde a paci\u00eancia com Liliana&nbsp;&nbsp;TVI Player No Secret Story, Adriano Silva Martins arrasa F\u00e1bio:&hellip;\n","protected":false},"author":2,"featured_media":117838,"comment_status":"","ping_status":"","sticky":false,"template":"","format":"standard","meta":{"footnotes":""},"categories":[142],"tags":[6340,114,115,19016,32,33,151],"class_list":{"0":"post-117837","1":"post","2":"type-post","3":"status-publish","4":"format-standard","5":"has-post-thumbnail","7":"category-tv","8":"tag-ana","9":"tag-entertainment","10":"tag-entretenimento","11":"tag-liliana","12":"tag-portugal","13":"tag-pt","14":"tag-tv"},"share_on_mastodon":{"url":"","error":""},"_links":{"self":[{"href":"https:\/\/www.europesays.com\/pt\/wp-json\/wp\/v2\/posts\/117837","targetHints":{"allow":["GET"]}}],"collection":[{"href":"https:\/\/www.europesays.com\/pt\/wp-json\/wp\/v2\/posts"}],"about":[{"href":"https:\/\/www.europesays.com\/pt\/wp-json\/wp\/v2\/types\/post"}],"author":[{"embeddable":true,"href":"https:\/\/www.europesays.com\/pt\/wp-json\/wp\/v2\/users\/2"}],"replies":[{"embeddable":true,"href":"https:\/\/www.europesays.com\/pt\/wp-json\/wp\/v2\/comments?post=117837"}],"version-history":[{"count":0,"href":"https:\/\/www.europesays.com\/pt\/wp-json\/wp\/v2\/posts\/117837\/revisions"}],"wp:featuredmedia":[{"embeddable":true,"href":"https:\/\/www.europesays.com\/pt\/wp-json\/wp\/v2\/media\/117838"}],"wp:attachment":[{"href":"https:\/\/www.europesays.com\/pt\/wp-json\/wp\/v2\/media?parent=117837"}],"wp:term":[{"taxonomy":"category","embeddable":true,"href":"https:\/\/www.europesays.com\/pt\/wp-json\/wp\/v2\/categories?post=117837"},{"taxonomy":"post_tag","embeddable":true,"href":"https:\/\/www.europesays.com\/pt\/wp-json\/wp\/v2\/tags?post=117837"}],"curies":[{"name":"wp","href":"https:\/\/api.w.org\/{rel}","templated":true}]}}